{"id":11658,"date":"2025-04-29T14:22:00","date_gmt":"2025-04-29T12:22:00","guid":{"rendered":"https:\/\/primariamoldovanoua.ro\/?p=11658"},"modified":"2025-04-29T17:25:08","modified_gmt":"2025-04-29T15:25:08","slug":"targul-de-primavara-celebrat-intr-o-noua-editie-la-moldova-noua","status":"publish","type":"post","link":"https:\/\/primariamoldovanoua.ro\/index.php\/2025\/04\/29\/targul-de-primavara-celebrat-intr-o-noua-editie-la-moldova-noua\/","title":{"rendered":"T\u00e2rgul de prim\u0103var\u0103, celebrat \u00eentr-o nou\u0103 edi\u021bie la Moldova Nou\u0103!"},"content":{"rendered":"\n<p>T\u00e2rgul de prim\u0103var\u0103, celebrat \u00eentr-o nou\u0103 edi\u021bie la Moldova Nou\u0103! O s\u0103rb\u0103toare a tradi\u021biilor \u0219i bun\u0103t\u0103\u021bilor de sezon!Prim\u0103vara vine cu un val de culoare, miresme pl\u0103cute \u0219i energie proasp\u0103t\u0103, drept pentru care, \u00een perioada 02.05.2025-03.05.2025, ora\u0219ul Moldova Nou\u0103 va g\u0103zdui ,,T\u00e2rgul de prim\u0103var\u0103 2025&#8243; &#8211; un eveniment organizat de Prim\u0103ria \u0219i Consiliul Local Moldova Nou\u0103, \u00een parteneriat cu societatea SC RAYAN MIHAI SRL \u015fi Direc\u0163ia pentru Agricultur\u0103 Jude\u0163ean\u0103 Cara\u015f-Severin<\/p>\n\n\n\n<p>Localnicii, dar \u0219i vizitatorii vor fi \u00eent\u00e2mpina\u021bi cu o atmosfer\u0103 plin\u0103 de culori vibrante, standuri cu produse tradi\u021bionale \u0219i me\u0219te\u0219uguri locale care vor transforma evenimentul \u00eentr-o adev\u0103rat\u0103 s\u0103rb\u0103toare a prim\u0103verii. De la fructe \u0219i legume de sezon, br\u00e2nzeturi, produse de panifica\u021bie, vinuri p\u00e2n\u0103 la produse artizanale, fiecare vizitator va avea ocazia s\u0103 se delecteze cu bun\u0103t\u0103\u021bi alese \u0219i, bine\u00een\u021beles, s\u0103 g\u0103seasc\u0103 cadouri unice sau s\u0103 \u00eenve\u021be mai multe despre tradi\u021biile locale.<\/p>\n\n\n\n<p>Din cadrul programului nu vor lipsi momentele cultural-artistice, muzica \u0219i voia bun\u0103 fiind elementele esen\u021biale care dau via\u021b\u0103 unui astfel de eveniment. Iat\u0103 surprizele muzicale preg\u0103tite de c\u0103tre partenerul SC RAYAN MIHAI SRL, momente prezentate de Cristian Stoleru:<\/p>\n\n\n\n<p>\u2022\u2060 \u2060vineri, 02.05.2025, \u00eencep\u00e2nd cu ora 15.00: Ansamblul ,,Romales&#8221; Greoni, Ansamblul ,,Sveti Nicola&#8221; Radimna, Ansamblul Junii Cara\u0219ului, C\u0103t\u0103lin Badea &amp; Forma\u021bia;<\/p>\n\n\n\n<p>\u2022\u2060 \u2060s\u00e2mb\u0103t\u0103, 03.05.2025, \u00eencep\u00e2nd cu ora 12.00: expozi\u021bie culinar\u0103 a elevilor din cadrul unit\u0103\u021bilor de \u00eenv\u0103\u021b\u0103m\u00e2nt din Moldova Nou\u0103, Ansamblul ,,Soko&#8221; Socol, momente ale tinerilor interpre\u021bi \u0219i Ansamblul ,,Hora Cara\u0219ului&#8221; Oravi\u021ba.<\/p>\n\n\n\n<p>,,V\u0103 invit\u0103m cu mare drag s\u0103 participa\u021bi la T\u00e2rgul de prim\u0103var\u0103 din acest an! V\u0103 a\u0219tept\u0103m s\u0103 s\u0103rb\u0103tori\u021bi anotimpul \u00eenfloritor al\u0103turi de noi, \u00eentr-o atmosfer\u0103 plin\u0103 de distrac\u021bie, voie bun\u0103 \u0219i momente speciale. Ve\u021bi avea ocazia s\u0103 g\u0103si\u021bi produse unice \u0219i s\u0103 v\u0103 bucura\u021bi de toate surprizele pe care le-am preg\u0103tit pentru voi!&#8221;, a \u021binut s\u0103 transmit\u0103 primarul ora\u0219ului Moldova Nou\u0103, Torma Adrian-Constantin.<\/p>\n\n\n\n<p>Evenimentul se desf\u0103\u0219oar\u0103&nbsp;\u00een zona Falezei Dun\u0103rii, iar accesul este&nbsp;gratuit!<\/p>\n\n\n\n<p>De re\u021binut este faptul c\u0103 Prim\u0103ria ora\u0219ului Moldova Nou\u0103 vine \u00een sprijinul acestui eveniment doar cu asigurarea infrastructurii necesare, mai exact: a domeniului public necesar desf\u0103\u0219ur\u0103rii evenimentului (Faleza Dun\u0103rii), asigurarea utilit\u0103\u021bilor necesare (energie electric\u0103, ap\u0103, canal, salubrizare) \u0219i paz\u0103!<\/p>\n","protected":false},"excerpt":{"rendered":"<p>T\u00e2rgul de prim\u0103var\u0103, celebrat \u00eentr-o nou\u0103 edi\u021bie la Moldova Nou\u0103! O s\u0103rb\u0103toare a tradi\u021biilor \u0219i bun\u0103t\u0103\u021bilor de sezon!Prim\u0103vara vine cu un val de culoare, miresme pl\u0103cute \u0219i energie proasp\u0103t\u0103, drept pentru care, \u00een perioada 02.05.2025-03.05.2025, ora\u0219ul Moldova Nou\u0103 va g\u0103zdui ,,T\u00e2rgul de prim\u0103var\u0103 2025&#8243; &#8211; un eveniment organizat de Prim\u0103ria \u0219i Consiliul Local Moldova Nou\u0103, [&hellip;]<\/p>\n","protected":false},"author":4,"featured_media":11659,"comment_status":"closed","ping_status":"closed","sticky":false,"template":"","format":"standard","meta":{"site-sidebar-layout":"default","site-content-layout":"","ast-site-content-layout":"default","site-content-style":"default","site-sidebar-style":"default","ast-global-header-display":"","ast-banner-title-visibility":"","ast-main-header-display":"","ast-hfb-above-header-display":"","ast-hfb-below-header-display":"","ast-hfb-mobile-header-display":"","site-post-title":"","ast-breadcrumbs-content":"","ast-featured-img":"disabled","footer-sml-layout":"","theme-transparent-header-meta":"","adv-header-id-meta":"","stick-header-meta":"","header-above-stick-meta":"","header-main-stick-meta":"","header-below-stick-meta":"","astra-migrate-meta-layouts":"set","ast-page-background-enabled":"default","ast-page-background-meta":{"desktop":{"background-color":"","background-image":"","background-repeat":"repeat","background-position":"center center","background-size":"auto","background-attachment":"scroll","background-type":"","background-media":"","overlay-type":"","overlay-color":"","overlay-gradient":""},"tablet":{"background-color":"","background-image":"","background-repeat":"repeat","background-position":"center center","background-size":"auto","background-attachment":"scroll","background-type":"","background-media":"","overlay-type":"","overlay-color":"","overlay-gradient":""},"mobile":{"background-color":"","background-image":"","background-repeat":"repeat","background-position":"center center","background-size":"auto","background-attachment":"scroll","background-type":"","background-media":"","overlay-type":"","overlay-color":"","overlay-gradient":""}},"ast-content-background-meta":{"desktop":{"background-color":"var(--ast-global-color-5)","background-image":"","background-repeat":"repeat","background-position":"center center","background-size":"auto","background-attachment":"scroll","background-type":"","background-media":"","overlay-type":"","overlay-color":"","overlay-gradient":""},"tablet":{"background-color":"var(--ast-global-color-5)","background-image":"","background-repeat":"repeat","background-position":"center center","background-size":"auto","background-attachment":"scroll","background-type":"","background-media":"","overlay-type":"","overlay-color":"","overlay-gradient":""},"mobile":{"background-color":"var(--ast-global-color-5)","background-image":"","background-repeat":"repeat","background-position":"center center","background-size":"auto","background-attachment":"scroll","background-type":"","background-media":"","overlay-type":"","overlay-color":"","overlay-gradient":""}},"footnotes":""},"categories":[38],"tags":[],"class_list":["post-11658","post","type-post","status-publish","format-standard","has-post-thumbnail","hentry","category-stiri"],"yoast_head":"<!-- This site is optimized with the Yoast SEO plugin v27.0 - https:\/\/yoast.com\/product\/yoast-seo-wordpress\/ -->\n<title>T\u00e2rgul de prim\u0103var\u0103, celebrat \u00eentr-o nou\u0103 edi\u021bie la Moldova Nou\u0103! - Prim\u0103riaMoldovaNou\u0103.ro<\/title>\n<meta name=\"robots\" content=\"index, follow, max-snippet:-1, max-image-preview:large, max-video-preview:-1\" \/>\n<link rel=\"canonical\" href=\"https:\/\/primariamoldovanoua.ro\/index.php\/2025\/04\/29\/targul-de-primavara-celebrat-intr-o-noua-editie-la-moldova-noua\/\" \/>\n<meta property=\"og:locale\" content=\"en_US\" \/>\n<meta property=\"og:type\" content=\"article\" \/>\n<meta property=\"og:title\" content=\"T\u00e2rgul de prim\u0103var\u0103, celebrat \u00eentr-o nou\u0103 edi\u021bie la Moldova Nou\u0103! - Prim\u0103riaMoldovaNou\u0103.ro\" \/>\n<meta property=\"og:description\" content=\"T\u00e2rgul de prim\u0103var\u0103, celebrat \u00eentr-o nou\u0103 edi\u021bie la Moldova Nou\u0103! O s\u0103rb\u0103toare a tradi\u021biilor \u0219i bun\u0103t\u0103\u021bilor de sezon!Prim\u0103vara vine cu un val de culoare, miresme pl\u0103cute \u0219i energie proasp\u0103t\u0103, drept pentru care, \u00een perioada 02.05.2025-03.05.2025, ora\u0219ul Moldova Nou\u0103 va g\u0103zdui ,,T\u00e2rgul de prim\u0103var\u0103 2025&#8243; &#8211; un eveniment organizat de Prim\u0103ria \u0219i Consiliul Local Moldova Nou\u0103, [&hellip;]\" \/>\n<meta property=\"og:url\" content=\"https:\/\/primariamoldovanoua.ro\/index.php\/2025\/04\/29\/targul-de-primavara-celebrat-intr-o-noua-editie-la-moldova-noua\/\" \/>\n<meta property=\"og:site_name\" content=\"Prim\u0103riaMoldovaNou\u0103.ro\" \/>\n<meta property=\"article:published_time\" content=\"2025-04-29T12:22:00+00:00\" \/>\n<meta property=\"article:modified_time\" content=\"2025-04-29T15:25:08+00:00\" \/>\n<meta property=\"og:image\" content=\"https:\/\/primariamoldovanoua.ro\/wp-content\/uploads\/2025\/04\/WhatsApp-Image-2025-04-29-at-08.48.53.jpeg\" \/>\n\t<meta property=\"og:image:width\" content=\"1131\" \/>\n\t<meta property=\"og:image:height\" content=\"1600\" \/>\n\t<meta property=\"og:image:type\" content=\"image\/jpeg\" \/>\n<meta name=\"author\" content=\"Prim\u0103ria Moldova Nou\u0103\" \/>\n<meta name=\"twitter:card\" content=\"summary_large_image\" \/>\n<meta name=\"twitter:label1\" content=\"Written by\" \/>\n\t<meta name=\"twitter:data1\" content=\"Prim\u0103ria Moldova Nou\u0103\" \/>\n\t<meta name=\"twitter:label2\" content=\"Est. reading time\" \/>\n\t<meta name=\"twitter:data2\" content=\"2 minutes\" \/>\n<script type=\"application\/ld+json\" class=\"yoast-schema-graph\">{\"@context\":\"https:\/\/schema.org\",\"@graph\":[{\"@type\":\"Article\",\"@id\":\"https:\/\/primariamoldovanoua.ro\/index.php\/2025\/04\/29\/targul-de-primavara-celebrat-intr-o-noua-editie-la-moldova-noua\/#article\",\"isPartOf\":{\"@id\":\"https:\/\/primariamoldovanoua.ro\/index.php\/2025\/04\/29\/targul-de-primavara-celebrat-intr-o-noua-editie-la-moldova-noua\/\"},\"author\":{\"name\":\"Prim\u0103ria Moldova Nou\u0103\",\"@id\":\"https:\/\/primariamoldovanoua.ro\/#\/schema\/person\/a20a7196289f7636116821adbc0c44fa\"},\"headline\":\"T\u00e2rgul de prim\u0103var\u0103, celebrat \u00eentr-o nou\u0103 edi\u021bie la Moldova Nou\u0103!\",\"datePublished\":\"2025-04-29T12:22:00+00:00\",\"dateModified\":\"2025-04-29T15:25:08+00:00\",\"mainEntityOfPage\":{\"@id\":\"https:\/\/primariamoldovanoua.ro\/index.php\/2025\/04\/29\/targul-de-primavara-celebrat-intr-o-noua-editie-la-moldova-noua\/\"},\"wordCount\":434,\"publisher\":{\"@id\":\"https:\/\/primariamoldovanoua.ro\/#organization\"},\"image\":{\"@id\":\"https:\/\/primariamoldovanoua.ro\/index.php\/2025\/04\/29\/targul-de-primavara-celebrat-intr-o-noua-editie-la-moldova-noua\/#primaryimage\"},\"thumbnailUrl\":\"https:\/\/primariamoldovanoua.ro\/wp-content\/uploads\/2025\/04\/WhatsApp-Image-2025-04-29-at-08.48.53.jpeg\",\"articleSection\":[\"Evenimente\"],\"inLanguage\":\"en-US\"},{\"@type\":\"WebPage\",\"@id\":\"https:\/\/primariamoldovanoua.ro\/index.php\/2025\/04\/29\/targul-de-primavara-celebrat-intr-o-noua-editie-la-moldova-noua\/\",\"url\":\"https:\/\/primariamoldovanoua.ro\/index.php\/2025\/04\/29\/targul-de-primavara-celebrat-intr-o-noua-editie-la-moldova-noua\/\",\"name\":\"T\u00e2rgul de prim\u0103var\u0103, celebrat \u00eentr-o nou\u0103 edi\u021bie la Moldova Nou\u0103! - Prim\u0103riaMoldovaNou\u0103.ro\",\"isPartOf\":{\"@id\":\"https:\/\/primariamoldovanoua.ro\/#website\"},\"primaryImageOfPage\":{\"@id\":\"https:\/\/primariamoldovanoua.ro\/index.php\/2025\/04\/29\/targul-de-primavara-celebrat-intr-o-noua-editie-la-moldova-noua\/#primaryimage\"},\"image\":{\"@id\":\"https:\/\/primariamoldovanoua.ro\/index.php\/2025\/04\/29\/targul-de-primavara-celebrat-intr-o-noua-editie-la-moldova-noua\/#primaryimage\"},\"thumbnailUrl\":\"https:\/\/primariamoldovanoua.ro\/wp-content\/uploads\/2025\/04\/WhatsApp-Image-2025-04-29-at-08.48.53.jpeg\",\"datePublished\":\"2025-04-29T12:22:00+00:00\",\"dateModified\":\"2025-04-29T15:25:08+00:00\",\"breadcrumb\":{\"@id\":\"https:\/\/primariamoldovanoua.ro\/index.php\/2025\/04\/29\/targul-de-primavara-celebrat-intr-o-noua-editie-la-moldova-noua\/#breadcrumb\"},\"inLanguage\":\"en-US\",\"potentialAction\":[{\"@type\":\"ReadAction\",\"target\":[\"https:\/\/primariamoldovanoua.ro\/index.php\/2025\/04\/29\/targul-de-primavara-celebrat-intr-o-noua-editie-la-moldova-noua\/\"]}]},{\"@type\":\"ImageObject\",\"inLanguage\":\"en-US\",\"@id\":\"https:\/\/primariamoldovanoua.ro\/index.php\/2025\/04\/29\/targul-de-primavara-celebrat-intr-o-noua-editie-la-moldova-noua\/#primaryimage\",\"url\":\"https:\/\/primariamoldovanoua.ro\/wp-content\/uploads\/2025\/04\/WhatsApp-Image-2025-04-29-at-08.48.53.jpeg\",\"contentUrl\":\"https:\/\/primariamoldovanoua.ro\/wp-content\/uploads\/2025\/04\/WhatsApp-Image-2025-04-29-at-08.48.53.jpeg\",\"width\":1131,\"height\":1600},{\"@type\":\"BreadcrumbList\",\"@id\":\"https:\/\/primariamoldovanoua.ro\/index.php\/2025\/04\/29\/targul-de-primavara-celebrat-intr-o-noua-editie-la-moldova-noua\/#breadcrumb\",\"itemListElement\":[{\"@type\":\"ListItem\",\"position\":1,\"name\":\"Home\",\"item\":\"https:\/\/primariamoldovanoua.ro\/\"},{\"@type\":\"ListItem\",\"position\":2,\"name\":\"T\u00e2rgul de prim\u0103var\u0103, celebrat \u00eentr-o nou\u0103 edi\u021bie la Moldova Nou\u0103!\"}]},{\"@type\":\"WebSite\",\"@id\":\"https:\/\/primariamoldovanoua.ro\/#website\",\"url\":\"https:\/\/primariamoldovanoua.ro\/\",\"name\":\"Prim\u0103riaMoldovaNou\u0103.ro\",\"description\":\"Site-ul oficial al UAT Moldova Nou\u0103, jude\u0163ul Cara\u015f-Severin\",\"publisher\":{\"@id\":\"https:\/\/primariamoldovanoua.ro\/#organization\"},\"potentialAction\":[{\"@type\":\"SearchAction\",\"target\":{\"@type\":\"EntryPoint\",\"urlTemplate\":\"https:\/\/primariamoldovanoua.ro\/?s={search_term_string}\"},\"query-input\":{\"@type\":\"PropertyValueSpecification\",\"valueRequired\":true,\"valueName\":\"search_term_string\"}}],\"inLanguage\":\"en-US\"},{\"@type\":\"Organization\",\"@id\":\"https:\/\/primariamoldovanoua.ro\/#organization\",\"name\":\"Prim\u0103riaMoldovaNou\u0103.ro\",\"url\":\"https:\/\/primariamoldovanoua.ro\/\",\"logo\":{\"@type\":\"ImageObject\",\"inLanguage\":\"en-US\",\"@id\":\"https:\/\/primariamoldovanoua.ro\/#\/schema\/logo\/image\/\",\"url\":\"https:\/\/primariamoldovanoua.ro\/wp-content\/uploads\/2021\/04\/cropped-Logo-Moldova-Noua-M-1.png\",\"contentUrl\":\"https:\/\/primariamoldovanoua.ro\/wp-content\/uploads\/2021\/04\/cropped-Logo-Moldova-Noua-M-1.png\",\"width\":158,\"height\":250,\"caption\":\"Prim\u0103riaMoldovaNou\u0103.ro\"},\"image\":{\"@id\":\"https:\/\/primariamoldovanoua.ro\/#\/schema\/logo\/image\/\"}},{\"@type\":\"Person\",\"@id\":\"https:\/\/primariamoldovanoua.ro\/#\/schema\/person\/a20a7196289f7636116821adbc0c44fa\",\"name\":\"Prim\u0103ria Moldova Nou\u0103\",\"image\":{\"@type\":\"ImageObject\",\"inLanguage\":\"en-US\",\"@id\":\"https:\/\/primariamoldovanoua.ro\/#\/schema\/person\/image\/\",\"url\":\"https:\/\/secure.gravatar.com\/avatar\/265dade586a9462438303aeffa7963ab43d876f99729d7cafb668692174b1cc5?s=96&d=mm&r=g\",\"contentUrl\":\"https:\/\/secure.gravatar.com\/avatar\/265dade586a9462438303aeffa7963ab43d876f99729d7cafb668692174b1cc5?s=96&d=mm&r=g\",\"caption\":\"Prim\u0103ria Moldova Nou\u0103\"},\"url\":\"https:\/\/primariamoldovanoua.ro\/index.php\/author\/dragana\/\"}]}<\/script>\n<!-- \/ Yoast SEO plugin. -->","yoast_head_json":{"title":"T\u00e2rgul de prim\u0103var\u0103, celebrat \u00eentr-o nou\u0103 edi\u021bie la Moldova Nou\u0103! - Prim\u0103riaMoldovaNou\u0103.ro","robots":{"index":"index","follow":"follow","max-snippet":"max-snippet:-1","max-image-preview":"max-image-preview:large","max-video-preview":"max-video-preview:-1"},"canonical":"https:\/\/primariamoldovanoua.ro\/index.php\/2025\/04\/29\/targul-de-primavara-celebrat-intr-o-noua-editie-la-moldova-noua\/","og_locale":"en_US","og_type":"article","og_title":"T\u00e2rgul de prim\u0103var\u0103, celebrat \u00eentr-o nou\u0103 edi\u021bie la Moldova Nou\u0103! - Prim\u0103riaMoldovaNou\u0103.ro","og_description":"T\u00e2rgul de prim\u0103var\u0103, celebrat \u00eentr-o nou\u0103 edi\u021bie la Moldova Nou\u0103! O s\u0103rb\u0103toare a tradi\u021biilor \u0219i bun\u0103t\u0103\u021bilor de sezon!Prim\u0103vara vine cu un val de culoare, miresme pl\u0103cute \u0219i energie proasp\u0103t\u0103, drept pentru care, \u00een perioada 02.05.2025-03.05.2025, ora\u0219ul Moldova Nou\u0103 va g\u0103zdui ,,T\u00e2rgul de prim\u0103var\u0103 2025&#8243; &#8211; un eveniment organizat de Prim\u0103ria \u0219i Consiliul Local Moldova Nou\u0103, [&hellip;]","og_url":"https:\/\/primariamoldovanoua.ro\/index.php\/2025\/04\/29\/targul-de-primavara-celebrat-intr-o-noua-editie-la-moldova-noua\/","og_site_name":"Prim\u0103riaMoldovaNou\u0103.ro","article_published_time":"2025-04-29T12:22:00+00:00","article_modified_time":"2025-04-29T15:25:08+00:00","og_image":[{"width":1131,"height":1600,"url":"https:\/\/primariamoldovanoua.ro\/wp-content\/uploads\/2025\/04\/WhatsApp-Image-2025-04-29-at-08.48.53.jpeg","type":"image\/jpeg"}],"author":"Prim\u0103ria Moldova Nou\u0103","twitter_card":"summary_large_image","twitter_misc":{"Written by":"Prim\u0103ria Moldova Nou\u0103","Est. reading time":"2 minutes"},"schema":{"@context":"https:\/\/schema.org","@graph":[{"@type":"Article","@id":"https:\/\/primariamoldovanoua.ro\/index.php\/2025\/04\/29\/targul-de-primavara-celebrat-intr-o-noua-editie-la-moldova-noua\/#article","isPartOf":{"@id":"https:\/\/primariamoldovanoua.ro\/index.php\/2025\/04\/29\/targul-de-primavara-celebrat-intr-o-noua-editie-la-moldova-noua\/"},"author":{"name":"Prim\u0103ria Moldova Nou\u0103","@id":"https:\/\/primariamoldovanoua.ro\/#\/schema\/person\/a20a7196289f7636116821adbc0c44fa"},"headline":"T\u00e2rgul de prim\u0103var\u0103, celebrat \u00eentr-o nou\u0103 edi\u021bie la Moldova Nou\u0103!","datePublished":"2025-04-29T12:22:00+00:00","dateModified":"2025-04-29T15:25:08+00:00","mainEntityOfPage":{"@id":"https:\/\/primariamoldovanoua.ro\/index.php\/2025\/04\/29\/targul-de-primavara-celebrat-intr-o-noua-editie-la-moldova-noua\/"},"wordCount":434,"publisher":{"@id":"https:\/\/primariamoldovanoua.ro\/#organization"},"image":{"@id":"https:\/\/primariamoldovanoua.ro\/index.php\/2025\/04\/29\/targul-de-primavara-celebrat-intr-o-noua-editie-la-moldova-noua\/#primaryimage"},"thumbnailUrl":"https:\/\/primariamoldovanoua.ro\/wp-content\/uploads\/2025\/04\/WhatsApp-Image-2025-04-29-at-08.48.53.jpeg","articleSection":["Evenimente"],"inLanguage":"en-US"},{"@type":"WebPage","@id":"https:\/\/primariamoldovanoua.ro\/index.php\/2025\/04\/29\/targul-de-primavara-celebrat-intr-o-noua-editie-la-moldova-noua\/","url":"https:\/\/primariamoldovanoua.ro\/index.php\/2025\/04\/29\/targul-de-primavara-celebrat-intr-o-noua-editie-la-moldova-noua\/","name":"T\u00e2rgul de prim\u0103var\u0103, celebrat \u00eentr-o nou\u0103 edi\u021bie la Moldova Nou\u0103! - Prim\u0103riaMoldovaNou\u0103.ro","isPartOf":{"@id":"https:\/\/primariamoldovanoua.ro\/#website"},"primaryImageOfPage":{"@id":"https:\/\/primariamoldovanoua.ro\/index.php\/2025\/04\/29\/targul-de-primavara-celebrat-intr-o-noua-editie-la-moldova-noua\/#primaryimage"},"image":{"@id":"https:\/\/primariamoldovanoua.ro\/index.php\/2025\/04\/29\/targul-de-primavara-celebrat-intr-o-noua-editie-la-moldova-noua\/#primaryimage"},"thumbnailUrl":"https:\/\/primariamoldovanoua.ro\/wp-content\/uploads\/2025\/04\/WhatsApp-Image-2025-04-29-at-08.48.53.jpeg","datePublished":"2025-04-29T12:22:00+00:00","dateModified":"2025-04-29T15:25:08+00:00","breadcrumb":{"@id":"https:\/\/primariamoldovanoua.ro\/index.php\/2025\/04\/29\/targul-de-primavara-celebrat-intr-o-noua-editie-la-moldova-noua\/#breadcrumb"},"inLanguage":"en-US","potentialAction":[{"@type":"ReadAction","target":["https:\/\/primariamoldovanoua.ro\/index.php\/2025\/04\/29\/targul-de-primavara-celebrat-intr-o-noua-editie-la-moldova-noua\/"]}]},{"@type":"ImageObject","inLanguage":"en-US","@id":"https:\/\/primariamoldovanoua.ro\/index.php\/2025\/04\/29\/targul-de-primavara-celebrat-intr-o-noua-editie-la-moldova-noua\/#primaryimage","url":"https:\/\/primariamoldovanoua.ro\/wp-content\/uploads\/2025\/04\/WhatsApp-Image-2025-04-29-at-08.48.53.jpeg","contentUrl":"https:\/\/primariamoldovanoua.ro\/wp-content\/uploads\/2025\/04\/WhatsApp-Image-2025-04-29-at-08.48.53.jpeg","width":1131,"height":1600},{"@type":"BreadcrumbList","@id":"https:\/\/primariamoldovanoua.ro\/index.php\/2025\/04\/29\/targul-de-primavara-celebrat-intr-o-noua-editie-la-moldova-noua\/#breadcrumb","itemListElement":[{"@type":"ListItem","position":1,"name":"Home","item":"https:\/\/primariamoldovanoua.ro\/"},{"@type":"ListItem","position":2,"name":"T\u00e2rgul de prim\u0103var\u0103, celebrat \u00eentr-o nou\u0103 edi\u021bie la Moldova Nou\u0103!"}]},{"@type":"WebSite","@id":"https:\/\/primariamoldovanoua.ro\/#website","url":"https:\/\/primariamoldovanoua.ro\/","name":"Prim\u0103riaMoldovaNou\u0103.ro","description":"Site-ul oficial al UAT Moldova Nou\u0103, jude\u0163ul Cara\u015f-Severin","publisher":{"@id":"https:\/\/primariamoldovanoua.ro\/#organization"},"potentialAction":[{"@type":"SearchAction","target":{"@type":"EntryPoint","urlTemplate":"https:\/\/primariamoldovanoua.ro\/?s={search_term_string}"},"query-input":{"@type":"PropertyValueSpecification","valueRequired":true,"valueName":"search_term_string"}}],"inLanguage":"en-US"},{"@type":"Organization","@id":"https:\/\/primariamoldovanoua.ro\/#organization","name":"Prim\u0103riaMoldovaNou\u0103.ro","url":"https:\/\/primariamoldovanoua.ro\/","logo":{"@type":"ImageObject","inLanguage":"en-US","@id":"https:\/\/primariamoldovanoua.ro\/#\/schema\/logo\/image\/","url":"https:\/\/primariamoldovanoua.ro\/wp-content\/uploads\/2021\/04\/cropped-Logo-Moldova-Noua-M-1.png","contentUrl":"https:\/\/primariamoldovanoua.ro\/wp-content\/uploads\/2021\/04\/cropped-Logo-Moldova-Noua-M-1.png","width":158,"height":250,"caption":"Prim\u0103riaMoldovaNou\u0103.ro"},"image":{"@id":"https:\/\/primariamoldovanoua.ro\/#\/schema\/logo\/image\/"}},{"@type":"Person","@id":"https:\/\/primariamoldovanoua.ro\/#\/schema\/person\/a20a7196289f7636116821adbc0c44fa","name":"Prim\u0103ria Moldova Nou\u0103","image":{"@type":"ImageObject","inLanguage":"en-US","@id":"https:\/\/primariamoldovanoua.ro\/#\/schema\/person\/image\/","url":"https:\/\/secure.gravatar.com\/avatar\/265dade586a9462438303aeffa7963ab43d876f99729d7cafb668692174b1cc5?s=96&d=mm&r=g","contentUrl":"https:\/\/secure.gravatar.com\/avatar\/265dade586a9462438303aeffa7963ab43d876f99729d7cafb668692174b1cc5?s=96&d=mm&r=g","caption":"Prim\u0103ria Moldova Nou\u0103"},"url":"https:\/\/primariamoldovanoua.ro\/index.php\/author\/dragana\/"}]}},"_links":{"self":[{"href":"https:\/\/primariamoldovanoua.ro\/index.php\/wp-json\/wp\/v2\/posts\/11658","targetHints":{"allow":["GET"]}}],"collection":[{"href":"https:\/\/primariamoldovanoua.ro\/index.php\/wp-json\/wp\/v2\/posts"}],"about":[{"href":"https:\/\/primariamoldovanoua.ro\/index.php\/wp-json\/wp\/v2\/types\/post"}],"author":[{"embeddable":true,"href":"https:\/\/primariamoldovanoua.ro\/index.php\/wp-json\/wp\/v2\/users\/4"}],"replies":[{"embeddable":true,"href":"https:\/\/primariamoldovanoua.ro\/index.php\/wp-json\/wp\/v2\/comments?post=11658"}],"version-history":[{"count":2,"href":"https:\/\/primariamoldovanoua.ro\/index.php\/wp-json\/wp\/v2\/posts\/11658\/revisions"}],"predecessor-version":[{"id":11661,"href":"https:\/\/primariamoldovanoua.ro\/index.php\/wp-json\/wp\/v2\/posts\/11658\/revisions\/11661"}],"wp:featuredmedia":[{"embeddable":true,"href":"https:\/\/primariamoldovanoua.ro\/index.php\/wp-json\/wp\/v2\/media\/11659"}],"wp:attachment":[{"href":"https:\/\/primariamoldovanoua.ro\/index.php\/wp-json\/wp\/v2\/media?parent=11658"}],"wp:term":[{"taxonomy":"category","embeddable":true,"href":"https:\/\/primariamoldovanoua.ro\/index.php\/wp-json\/wp\/v2\/categories?post=11658"},{"taxonomy":"post_tag","embeddable":true,"href":"https:\/\/primariamoldovanoua.ro\/index.php\/wp-json\/wp\/v2\/tags?post=11658"}],"curies":[{"name":"wp","href":"https:\/\/api.w.org\/{rel}","templated":true}]}}