{"id":12975,"date":"2025-11-11T22:41:44","date_gmt":"2025-11-11T20:41:44","guid":{"rendered":"https:\/\/primariamoldovanoua.ro\/?p=12975"},"modified":"2025-11-23T22:45:29","modified_gmt":"2025-11-23T20:45:29","slug":"campanie-de-colectare-a-deseurilor-voluminoase-si-textile-la-moldova-noua-apel-catre-populatie-pentru-un-oras-mai-curat","status":"publish","type":"post","link":"https:\/\/primariamoldovanoua.ro\/index.php\/2025\/11\/11\/campanie-de-colectare-a-deseurilor-voluminoase-si-textile-la-moldova-noua-apel-catre-populatie-pentru-un-oras-mai-curat\/","title":{"rendered":"Campanie de colectare a de\u0219eurilor voluminoase \u0219i textile la Moldova Nou\u0103 \u2013 apel c\u0103tre popula\u021bie pentru un ora\u0219 mai curat!"},"content":{"rendered":"\t\t<div data-elementor-type=\"wp-post\" data-elementor-id=\"12975\" class=\"elementor elementor-12975\" data-elementor-post-type=\"post\">\n\t\t\t\t\t\t<section class=\"elementor-section elementor-top-section elementor-element elementor-element-9f66a98 elementor-section-boxed elementor-section-height-default elementor-section-height-default\" data-id=\"9f66a98\" data-element_type=\"section\">\n\t\t\t\t\t\t<div class=\"elementor-container elementor-column-gap-default\">\n\t\t\t\t\t<div class=\"elementor-column elementor-col-100 elementor-top-column elementor-element elementor-element-3444c57\" data-id=\"3444c57\" data-element_type=\"column\">\n\t\t\t<div class=\"elementor-widget-wrap elementor-element-populated\">\n\t\t\t\t\t\t<div class=\"elementor-element elementor-element-9b3937f elementor-widget elementor-widget-spacer\" data-id=\"9b3937f\" data-element_type=\"widget\" data-widget_type=\"spacer.default\">\n\t\t\t\t<div class=\"elementor-widget-container\">\n\t\t\t\t\t\t\t<div class=\"elementor-spacer\">\n\t\t\t<div class=\"elementor-spacer-inner\"><\/div>\n\t\t<\/div>\n\t\t\t\t\t\t<\/div>\n\t\t\t\t<\/div>\n\t\t\t\t\t<\/div>\n\t\t<\/div>\n\t\t\t\t\t<\/div>\n\t\t<\/section>\n\t\t\t\t<section class=\"elementor-section elementor-top-section elementor-element elementor-element-35858bf elementor-section-boxed elementor-section-height-default elementor-section-height-default\" data-id=\"35858bf\" data-element_type=\"section\">\n\t\t\t\t\t\t<div class=\"elementor-container elementor-column-gap-default\">\n\t\t\t\t\t<div class=\"elementor-column elementor-col-100 elementor-top-column elementor-element elementor-element-2db1d70\" data-id=\"2db1d70\" data-element_type=\"column\">\n\t\t\t<div class=\"elementor-widget-wrap elementor-element-populated\">\n\t\t\t\t\t\t<div class=\"elementor-element elementor-element-0bd946e elementor-widget elementor-widget-heading\" data-id=\"0bd946e\" data-element_type=\"widget\" data-widget_type=\"heading.default\">\n\t\t\t\t<div class=\"elementor-widget-container\">\n\t\t\t\t\t<h2 class=\"elementor-heading-title elementor-size-default\">Campanie de colectare a de\u0219eurilor voluminoase \u0219i textile la Moldova Nou\u0103 \u2013 apel c\u0103tre popula\u021bie pentru un ora\u0219 mai curat!<\/h2>\t\t\t\t<\/div>\n\t\t\t\t<\/div>\n\t\t\t\t\t<\/div>\n\t\t<\/div>\n\t\t\t\t\t<\/div>\n\t\t<\/section>\n\t\t\t\t<section class=\"elementor-section elementor-top-section elementor-element elementor-element-ddceff0 elementor-section-boxed elementor-section-height-default elementor-section-height-default\" data-id=\"ddceff0\" data-element_type=\"section\">\n\t\t\t\t\t\t<div class=\"elementor-container elementor-column-gap-default\">\n\t\t\t\t\t<div class=\"elementor-column elementor-col-100 elementor-top-column elementor-element elementor-element-551b010\" data-id=\"551b010\" data-element_type=\"column\">\n\t\t\t<div class=\"elementor-widget-wrap elementor-element-populated\">\n\t\t\t\t\t\t<div class=\"elementor-element elementor-element-a3270c8 elementor-widget elementor-widget-text-editor\" data-id=\"a3270c8\" data-element_type=\"widget\" data-widget_type=\"text-editor.default\">\n\t\t\t\t<div class=\"elementor-widget-container\">\n\t\t\t\t\t\t\t\t\t<p>Prim\u0103ria Moldova Nou\u0103, \u00een parteneriat cu operatorul de salubrizare S.C. IONELA S.R.L., continu\u0103 demersurile dedicate men\u021binerii unui ora\u0219 curat \u0219i a unui mediu s\u0103n\u0103tos. Dup\u0103 campania de colectare a de\u0219eurilor electrice \u0219i electronice, desf\u0103\u0219urat\u0103 recent, autorit\u0103\u021bile locale dau startul unei noi ac\u021biuni, de aceast\u0103 dat\u0103 dedicate\u00a0de\u0219eurilor voluminoase \u0219i textile.<\/p><p>Campania se va desf\u0103\u0219ura \u00een\u00a0prima jum\u0103tate a lunii decembrie, \u00een datele\u00a004.12.2025\u00a0\u0219i\u00a012.12.2025, oferind locuitorilor posibilitatea de a sc\u0103pa de obiectele mari sau incomode \u00eenainte de s\u0103rb\u0103torile de iarn\u0103 \u2013 perioada \u00een care are loc tradi\u021bionala cur\u0103\u021benie general\u0103 \u00een gospod\u0103rii.<\/p><p>Ce tipuri de de\u0219euri pot fi predate?<\/p><p>De\u0219eurile voluminoase includ obiecte mari \u0219i dificil de depozitat, precum:<\/p><p>\u2705 paturi, canapele, dulapuri;<\/p><p>\u2705 u\u0219i, obiecte sanitare;<\/p><p>\u2705 mese, oglinzi etc.<\/p><p>De\u0219eurile textile acceptate includ:<\/p><p>\u2705 carpete, covoare, perdele, draperii;<\/p><p>\u2705 haine, lenjerii \u0219i alte materiale textile.<\/p><p>Graficul complet al colect\u0103rii<\/p><p>Joi, 04.12.2025<\/p><p>Moldova Veche, 08:30\u201310:20 \u2013 Parcul din proximitatea Administra\u021biei Fiscale<\/p><p>Moldova Nou\u0103, 10:30\u201312:00 \u2013 Parcul din proximitatea Prim\u0103riei<\/p><p>M\u0103ce\u0219ti, 12:10\u201313:10 \u2013 C\u0103minul Cultural<\/p><p>Moldovi\u021ba, 13:30\u201314:30 \u2013 C\u0103minul Cultural<\/p><p>Vineri, 12.12.2025<\/p><p>Ora\u0219ul Nou, 08:30\u201310:30 \u2013 Parcul din proximitatea Bisericii Penticostale \u201eApa vie\u021bii\u201d<\/p><p>Ora\u0219ul Nou, 10:40\u201312:40 \u2013 Parcarea de la blocul 50, l\u00e2ng\u0103 punctul de colectare<\/p><p>Ora\u0219ul Nou, 12:50\u201314:50 \u2013 Parcarea din zona Complexului Vechi, \u00een fa\u021ba magazinului mixt<\/p><p>Aten\u021bion\u0103ri importante pentru popula\u021bie\u2757\u2757\u2757<\/p><p>\u26d4 Nu se colecteaz\u0103 de\u0219euri vegetale, acestea fiind ridicate conform programului lunar obi\u0219nuit.<\/p><p>\u26d4 Nu se accept\u0103 echipamente electrice \u0219i electronice\u00a0(precum frigidere, televizoare, computere etc.).<\/p><p>\u26d4 Nu se colecteaz\u0103 de\u0219euri provenite din construc\u021bii. Pentru acestea, cet\u0103\u021benii trebuie s\u0103 contacteze direct operatorul de salubritate. Abandonarea lor \u00een spa\u021bii publice sau naturale poate atrage\u00a0sanc\u021biuni contraven\u021bionale.<\/p><p>De ce este important s\u0103 particip\u0103m?<\/p><p>Astfel de campanii reprezint\u0103 o oportunitate pentru locuitori de a se debarasa responsabil de obiectele mari \u0219i de textilele vechi, contribuind direct la:<\/p><p>\u2022\u2060 \u2060reducerea depozit\u0103rii necontrolate a de\u0219eurilor;<\/p><p>\u2022\u2060 \u2060p\u0103strarea unui mediu curat \u0219i sigur;<\/p><p>\u2022\u2060 \u2060prevenirea polu\u0103rii malurilor r\u00e2urilor \u0219i a zonelor naturale;<\/p><p>\u2022\u2060 \u2060cre\u0219terea calit\u0103\u021bii vie\u021bii \u00een comunitate.<\/p><p>\u201e\u00cen urm\u0103 cu o lun\u0103, pe raza ora\u0219ului nostru a fost demarat\u0103 campania de colectare a de\u0219eurilor electrice \u0219i electronice. \u00cen cur\u00e2nd, demar\u0103m ac\u021biunea de colectare a de\u0219eurilor voluminoase \u0219i textile. M-a\u0219 bucura s\u0103 v\u0103d o participare activ\u0103 a cet\u0103\u021benilor, pentru c\u0103 asta \u00eenseamn\u0103 spirit civic \u0219i spirit de echip\u0103 pentru un ora\u0219 curat. Venim astfel \u00een sprijinul concitadinilor pentru a evita abandonarea de\u0219eurilor \u00een zone nepotrivite. \u00cen plus, oamenii au ocazia de a se debarasa de lucrurile vechi, pe care nu le mai folosesc\u201d, a transmis primarul ora\u0219ului, Adrian Torma.<\/p><p>Sursa foto: <a href=\"https:\/\/www.dezvaluirea.ro\/\">dezvaluirea.ro<\/a><\/p>\t\t\t\t\t\t\t\t<\/div>\n\t\t\t\t<\/div>\n\t\t\t\t\t<\/div>\n\t\t<\/div>\n\t\t\t\t\t<\/div>\n\t\t<\/section>\n\t\t\t\t<section class=\"elementor-section elementor-top-section elementor-element elementor-element-65192ac elementor-section-boxed elementor-section-height-default elementor-section-height-default\" data-id=\"65192ac\" data-element_type=\"section\">\n\t\t\t\t\t\t<div class=\"elementor-container elementor-column-gap-default\">\n\t\t\t\t\t<div class=\"elementor-column elementor-col-100 elementor-top-column elementor-element elementor-element-eca4ac0\" data-id=\"eca4ac0\" data-element_type=\"column\">\n\t\t\t<div class=\"elementor-widget-wrap elementor-element-populated\">\n\t\t\t\t\t\t<div class=\"elementor-element elementor-element-d3d583b elementor-widget elementor-widget-image\" data-id=\"d3d583b\" data-element_type=\"widget\" data-widget_type=\"image.default\">\n\t\t\t\t<div class=\"elementor-widget-container\">\n\t\t\t\t\t\t\t\t\t\t\t\t\t\t\t<img fetchpriority=\"high\" decoding=\"async\" width=\"300\" height=\"176\" src=\"https:\/\/primariamoldovanoua.ro\/wp-content\/uploads\/2025\/11\/Mediu-300x176.jpg\" class=\"attachment-medium size-medium wp-image-12977\" alt=\"\" srcset=\"https:\/\/primariamoldovanoua.ro\/wp-content\/uploads\/2025\/11\/Mediu-300x176.jpg 300w, https:\/\/primariamoldovanoua.ro\/wp-content\/uploads\/2025\/11\/Mediu.jpg 598w\" sizes=\"(max-width: 300px) 100vw, 300px\" \/>\t\t\t\t\t\t\t\t\t\t\t\t\t\t\t<\/div>\n\t\t\t\t<\/div>\n\t\t\t\t\t<\/div>\n\t\t<\/div>\n\t\t\t\t\t<\/div>\n\t\t<\/section>\n\t\t\t\t<section class=\"elementor-section elementor-top-section elementor-element elementor-element-c54ed47 elementor-section-boxed elementor-section-height-default elementor-section-height-default\" data-id=\"c54ed47\" data-element_type=\"section\">\n\t\t\t\t\t\t<div class=\"elementor-container elementor-column-gap-default\">\n\t\t\t\t\t<div class=\"elementor-column elementor-col-100 elementor-top-column elementor-element elementor-element-9cd9296\" data-id=\"9cd9296\" data-element_type=\"column\">\n\t\t\t<div class=\"elementor-widget-wrap elementor-element-populated\">\n\t\t\t\t\t\t<div class=\"elementor-element elementor-element-21e47fc elementor-widget-divider--view-line elementor-widget elementor-widget-divider\" data-id=\"21e47fc\" data-element_type=\"widget\" data-widget_type=\"divider.default\">\n\t\t\t\t<div class=\"elementor-widget-container\">\n\t\t\t\t\t\t\t<div class=\"elementor-divider\">\n\t\t\t<span class=\"elementor-divider-separator\">\n\t\t\t\t\t\t<\/span>\n\t\t<\/div>\n\t\t\t\t\t\t<\/div>\n\t\t\t\t<\/div>\n\t\t\t\t\t<\/div>\n\t\t<\/div>\n\t\t\t\t\t<\/div>\n\t\t<\/section>\n\t\t\t\t<\/div>\n\t\t","protected":false},"excerpt":{"rendered":"<p>Campanie de colectare a de\u0219eurilor voluminoase \u0219i textile la Moldova Nou\u0103 \u2013 apel c\u0103tre popula\u021bie pentru un ora\u0219 mai curat! Prim\u0103ria Moldova Nou\u0103, \u00een parteneriat cu operatorul de salubrizare S.C. IONELA S.R.L., continu\u0103 demersurile dedicate men\u021binerii unui ora\u0219 curat \u0219i a unui mediu s\u0103n\u0103tos. Dup\u0103 campania de colectare a de\u0219eurilor electrice \u0219i electronice, desf\u0103\u0219urat\u0103 recent, [&hellip;]<\/p>\n","protected":false},"author":4,"featured_media":12977,"comment_status":"closed","ping_status":"closed","sticky":false,"template":"","format":"standard","meta":{"site-sidebar-layout":"default","site-content-layout":"","ast-site-content-layout":"default","site-content-style":"default","site-sidebar-style":"default","ast-global-header-display":"","ast-banner-title-visibility":"","ast-main-header-display":"","ast-hfb-above-header-display":"","ast-hfb-below-header-display":"","ast-hfb-mobile-header-display":"","site-post-title":"","ast-breadcrumbs-content":"","ast-featured-img":"","footer-sml-layout":"","theme-transparent-header-meta":"","adv-header-id-meta":"","stick-header-meta":"","header-above-stick-meta":"","header-main-stick-meta":"","header-below-stick-meta":"","astra-migrate-meta-layouts":"set","ast-page-background-enabled":"default","ast-page-background-meta":{"desktop":{"background-color":"","background-image":"","background-repeat":"repeat","background-position":"center center","background-size":"auto","background-attachment":"scroll","background-type":"","background-media":"","overlay-type":"","overlay-color":"","overlay-gradient":""},"tablet":{"background-color":"","background-image":"","background-repeat":"repeat","background-position":"center center","background-size":"auto","background-attachment":"scroll","background-type":"","background-media":"","overlay-type":"","overlay-color":"","overlay-gradient":""},"mobile":{"background-color":"","background-image":"","background-repeat":"repeat","background-position":"center center","background-size":"auto","background-attachment":"scroll","background-type":"","background-media":"","overlay-type":"","overlay-color":"","overlay-gradient":""}},"ast-content-background-meta":{"desktop":{"background-color":"var(--ast-global-color-5)","background-image":"","background-repeat":"repeat","background-position":"center center","background-size":"auto","background-attachment":"scroll","background-type":"","background-media":"","overlay-type":"","overlay-color":"","overlay-gradient":""},"tablet":{"background-color":"var(--ast-global-color-5)","background-image":"","background-repeat":"repeat","background-position":"center center","background-size":"auto","background-attachment":"scroll","background-type":"","background-media":"","overlay-type":"","overlay-color":"","overlay-gradient":""},"mobile":{"background-color":"var(--ast-global-color-5)","background-image":"","background-repeat":"repeat","background-position":"center center","background-size":"auto","background-attachment":"scroll","background-type":"","background-media":"","overlay-type":"","overlay-color":"","overlay-gradient":""}},"footnotes":""},"categories":[38],"tags":[],"class_list":["post-12975","post","type-post","status-publish","format-standard","has-post-thumbnail","hentry","category-stiri"],"yoast_head":"<!-- This site is optimized with the Yoast SEO plugin v27.0 - https:\/\/yoast.com\/product\/yoast-seo-wordpress\/ -->\n<title>Campanie de colectare a de\u0219eurilor voluminoase \u0219i textile la Moldova Nou\u0103 \u2013 apel c\u0103tre popula\u021bie pentru un ora\u0219 mai curat! - Prim\u0103riaMoldovaNou\u0103.ro<\/title>\n<meta name=\"robots\" content=\"index, follow, max-snippet:-1, max-image-preview:large, max-video-preview:-1\" \/>\n<link rel=\"canonical\" href=\"https:\/\/primariamoldovanoua.ro\/index.php\/2025\/11\/11\/campanie-de-colectare-a-deseurilor-voluminoase-si-textile-la-moldova-noua-apel-catre-populatie-pentru-un-oras-mai-curat\/\" \/>\n<meta property=\"og:locale\" content=\"en_US\" \/>\n<meta property=\"og:type\" content=\"article\" \/>\n<meta property=\"og:title\" content=\"Campanie de colectare a de\u0219eurilor voluminoase \u0219i textile la Moldova Nou\u0103 \u2013 apel c\u0103tre popula\u021bie pentru un ora\u0219 mai curat! - Prim\u0103riaMoldovaNou\u0103.ro\" \/>\n<meta property=\"og:description\" content=\"Campanie de colectare a de\u0219eurilor voluminoase \u0219i textile la Moldova Nou\u0103 \u2013 apel c\u0103tre popula\u021bie pentru un ora\u0219 mai curat! Prim\u0103ria Moldova Nou\u0103, \u00een parteneriat cu operatorul de salubrizare S.C. IONELA S.R.L., continu\u0103 demersurile dedicate men\u021binerii unui ora\u0219 curat \u0219i a unui mediu s\u0103n\u0103tos. Dup\u0103 campania de colectare a de\u0219eurilor electrice \u0219i electronice, desf\u0103\u0219urat\u0103 recent, [&hellip;]\" \/>\n<meta property=\"og:url\" content=\"https:\/\/primariamoldovanoua.ro\/index.php\/2025\/11\/11\/campanie-de-colectare-a-deseurilor-voluminoase-si-textile-la-moldova-noua-apel-catre-populatie-pentru-un-oras-mai-curat\/\" \/>\n<meta property=\"og:site_name\" content=\"Prim\u0103riaMoldovaNou\u0103.ro\" \/>\n<meta property=\"article:published_time\" content=\"2025-11-11T20:41:44+00:00\" \/>\n<meta property=\"article:modified_time\" content=\"2025-11-23T20:45:29+00:00\" \/>\n<meta property=\"og:image\" content=\"https:\/\/primariamoldovanoua.ro\/wp-content\/uploads\/2025\/11\/Mediu.jpg\" \/>\n\t<meta property=\"og:image:width\" content=\"598\" \/>\n\t<meta property=\"og:image:height\" content=\"350\" \/>\n\t<meta property=\"og:image:type\" content=\"image\/jpeg\" \/>\n<meta name=\"author\" content=\"Prim\u0103ria Moldova Nou\u0103\" \/>\n<meta name=\"twitter:card\" content=\"summary_large_image\" \/>\n<meta name=\"twitter:label1\" content=\"Written by\" \/>\n\t<meta name=\"twitter:data1\" content=\"Prim\u0103ria Moldova Nou\u0103\" \/>\n\t<meta name=\"twitter:label2\" content=\"Est. reading time\" \/>\n\t<meta name=\"twitter:data2\" content=\"3 minutes\" \/>\n<script type=\"application\/ld+json\" class=\"yoast-schema-graph\">{\"@context\":\"https:\/\/schema.org\",\"@graph\":[{\"@type\":\"Article\",\"@id\":\"https:\/\/primariamoldovanoua.ro\/index.php\/2025\/11\/11\/campanie-de-colectare-a-deseurilor-voluminoase-si-textile-la-moldova-noua-apel-catre-populatie-pentru-un-oras-mai-curat\/#article\",\"isPartOf\":{\"@id\":\"https:\/\/primariamoldovanoua.ro\/index.php\/2025\/11\/11\/campanie-de-colectare-a-deseurilor-voluminoase-si-textile-la-moldova-noua-apel-catre-populatie-pentru-un-oras-mai-curat\/\"},\"author\":{\"name\":\"Prim\u0103ria Moldova Nou\u0103\",\"@id\":\"https:\/\/primariamoldovanoua.ro\/#\/schema\/person\/a20a7196289f7636116821adbc0c44fa\"},\"headline\":\"Campanie de colectare a de\u0219eurilor voluminoase \u0219i textile la Moldova Nou\u0103 \u2013 apel c\u0103tre popula\u021bie pentru un ora\u0219 mai curat!\",\"datePublished\":\"2025-11-11T20:41:44+00:00\",\"dateModified\":\"2025-11-23T20:45:29+00:00\",\"mainEntityOfPage\":{\"@id\":\"https:\/\/primariamoldovanoua.ro\/index.php\/2025\/11\/11\/campanie-de-colectare-a-deseurilor-voluminoase-si-textile-la-moldova-noua-apel-catre-populatie-pentru-un-oras-mai-curat\/\"},\"wordCount\":500,\"publisher\":{\"@id\":\"https:\/\/primariamoldovanoua.ro\/#organization\"},\"image\":{\"@id\":\"https:\/\/primariamoldovanoua.ro\/index.php\/2025\/11\/11\/campanie-de-colectare-a-deseurilor-voluminoase-si-textile-la-moldova-noua-apel-catre-populatie-pentru-un-oras-mai-curat\/#primaryimage\"},\"thumbnailUrl\":\"https:\/\/primariamoldovanoua.ro\/wp-content\/uploads\/2025\/11\/Mediu.jpg\",\"articleSection\":[\"Evenimente\"],\"inLanguage\":\"en-US\"},{\"@type\":\"WebPage\",\"@id\":\"https:\/\/primariamoldovanoua.ro\/index.php\/2025\/11\/11\/campanie-de-colectare-a-deseurilor-voluminoase-si-textile-la-moldova-noua-apel-catre-populatie-pentru-un-oras-mai-curat\/\",\"url\":\"https:\/\/primariamoldovanoua.ro\/index.php\/2025\/11\/11\/campanie-de-colectare-a-deseurilor-voluminoase-si-textile-la-moldova-noua-apel-catre-populatie-pentru-un-oras-mai-curat\/\",\"name\":\"Campanie de colectare a de\u0219eurilor voluminoase \u0219i textile la Moldova Nou\u0103 \u2013 apel c\u0103tre popula\u021bie pentru un ora\u0219 mai curat! - Prim\u0103riaMoldovaNou\u0103.ro\",\"isPartOf\":{\"@id\":\"https:\/\/primariamoldovanoua.ro\/#website\"},\"primaryImageOfPage\":{\"@id\":\"https:\/\/primariamoldovanoua.ro\/index.php\/2025\/11\/11\/campanie-de-colectare-a-deseurilor-voluminoase-si-textile-la-moldova-noua-apel-catre-populatie-pentru-un-oras-mai-curat\/#primaryimage\"},\"image\":{\"@id\":\"https:\/\/primariamoldovanoua.ro\/index.php\/2025\/11\/11\/campanie-de-colectare-a-deseurilor-voluminoase-si-textile-la-moldova-noua-apel-catre-populatie-pentru-un-oras-mai-curat\/#primaryimage\"},\"thumbnailUrl\":\"https:\/\/primariamoldovanoua.ro\/wp-content\/uploads\/2025\/11\/Mediu.jpg\",\"datePublished\":\"2025-11-11T20:41:44+00:00\",\"dateModified\":\"2025-11-23T20:45:29+00:00\",\"breadcrumb\":{\"@id\":\"https:\/\/primariamoldovanoua.ro\/index.php\/2025\/11\/11\/campanie-de-colectare-a-deseurilor-voluminoase-si-textile-la-moldova-noua-apel-catre-populatie-pentru-un-oras-mai-curat\/#breadcrumb\"},\"inLanguage\":\"en-US\",\"potentialAction\":[{\"@type\":\"ReadAction\",\"target\":[\"https:\/\/primariamoldovanoua.ro\/index.php\/2025\/11\/11\/campanie-de-colectare-a-deseurilor-voluminoase-si-textile-la-moldova-noua-apel-catre-populatie-pentru-un-oras-mai-curat\/\"]}]},{\"@type\":\"ImageObject\",\"inLanguage\":\"en-US\",\"@id\":\"https:\/\/primariamoldovanoua.ro\/index.php\/2025\/11\/11\/campanie-de-colectare-a-deseurilor-voluminoase-si-textile-la-moldova-noua-apel-catre-populatie-pentru-un-oras-mai-curat\/#primaryimage\",\"url\":\"https:\/\/primariamoldovanoua.ro\/wp-content\/uploads\/2025\/11\/Mediu.jpg\",\"contentUrl\":\"https:\/\/primariamoldovanoua.ro\/wp-content\/uploads\/2025\/11\/Mediu.jpg\",\"width\":598,\"height\":350},{\"@type\":\"BreadcrumbList\",\"@id\":\"https:\/\/primariamoldovanoua.ro\/index.php\/2025\/11\/11\/campanie-de-colectare-a-deseurilor-voluminoase-si-textile-la-moldova-noua-apel-catre-populatie-pentru-un-oras-mai-curat\/#breadcrumb\",\"itemListElement\":[{\"@type\":\"ListItem\",\"position\":1,\"name\":\"Home\",\"item\":\"https:\/\/primariamoldovanoua.ro\/\"},{\"@type\":\"ListItem\",\"position\":2,\"name\":\"Campanie de colectare a de\u0219eurilor voluminoase \u0219i textile la Moldova Nou\u0103 \u2013 apel c\u0103tre popula\u021bie pentru un ora\u0219 mai curat!\"}]},{\"@type\":\"WebSite\",\"@id\":\"https:\/\/primariamoldovanoua.ro\/#website\",\"url\":\"https:\/\/primariamoldovanoua.ro\/\",\"name\":\"Prim\u0103riaMoldovaNou\u0103.ro\",\"description\":\"Site-ul oficial al UAT Moldova Nou\u0103, jude\u0163ul Cara\u015f-Severin\",\"publisher\":{\"@id\":\"https:\/\/primariamoldovanoua.ro\/#organization\"},\"potentialAction\":[{\"@type\":\"SearchAction\",\"target\":{\"@type\":\"EntryPoint\",\"urlTemplate\":\"https:\/\/primariamoldovanoua.ro\/?s={search_term_string}\"},\"query-input\":{\"@type\":\"PropertyValueSpecification\",\"valueRequired\":true,\"valueName\":\"search_term_string\"}}],\"inLanguage\":\"en-US\"},{\"@type\":\"Organization\",\"@id\":\"https:\/\/primariamoldovanoua.ro\/#organization\",\"name\":\"Prim\u0103riaMoldovaNou\u0103.ro\",\"url\":\"https:\/\/primariamoldovanoua.ro\/\",\"logo\":{\"@type\":\"ImageObject\",\"inLanguage\":\"en-US\",\"@id\":\"https:\/\/primariamoldovanoua.ro\/#\/schema\/logo\/image\/\",\"url\":\"https:\/\/primariamoldovanoua.ro\/wp-content\/uploads\/2021\/04\/cropped-Logo-Moldova-Noua-M-1.png\",\"contentUrl\":\"https:\/\/primariamoldovanoua.ro\/wp-content\/uploads\/2021\/04\/cropped-Logo-Moldova-Noua-M-1.png\",\"width\":158,\"height\":250,\"caption\":\"Prim\u0103riaMoldovaNou\u0103.ro\"},\"image\":{\"@id\":\"https:\/\/primariamoldovanoua.ro\/#\/schema\/logo\/image\/\"}},{\"@type\":\"Person\",\"@id\":\"https:\/\/primariamoldovanoua.ro\/#\/schema\/person\/a20a7196289f7636116821adbc0c44fa\",\"name\":\"Prim\u0103ria Moldova Nou\u0103\",\"image\":{\"@type\":\"ImageObject\",\"inLanguage\":\"en-US\",\"@id\":\"https:\/\/primariamoldovanoua.ro\/#\/schema\/person\/image\/\",\"url\":\"https:\/\/secure.gravatar.com\/avatar\/265dade586a9462438303aeffa7963ab43d876f99729d7cafb668692174b1cc5?s=96&d=mm&r=g\",\"contentUrl\":\"https:\/\/secure.gravatar.com\/avatar\/265dade586a9462438303aeffa7963ab43d876f99729d7cafb668692174b1cc5?s=96&d=mm&r=g\",\"caption\":\"Prim\u0103ria Moldova Nou\u0103\"},\"url\":\"https:\/\/primariamoldovanoua.ro\/index.php\/author\/dragana\/\"}]}<\/script>\n<!-- \/ Yoast SEO plugin. -->","yoast_head_json":{"title":"Campanie de colectare a de\u0219eurilor voluminoase \u0219i textile la Moldova Nou\u0103 \u2013 apel c\u0103tre popula\u021bie pentru un ora\u0219 mai curat! - Prim\u0103riaMoldovaNou\u0103.ro","robots":{"index":"index","follow":"follow","max-snippet":"max-snippet:-1","max-image-preview":"max-image-preview:large","max-video-preview":"max-video-preview:-1"},"canonical":"https:\/\/primariamoldovanoua.ro\/index.php\/2025\/11\/11\/campanie-de-colectare-a-deseurilor-voluminoase-si-textile-la-moldova-noua-apel-catre-populatie-pentru-un-oras-mai-curat\/","og_locale":"en_US","og_type":"article","og_title":"Campanie de colectare a de\u0219eurilor voluminoase \u0219i textile la Moldova Nou\u0103 \u2013 apel c\u0103tre popula\u021bie pentru un ora\u0219 mai curat! - Prim\u0103riaMoldovaNou\u0103.ro","og_description":"Campanie de colectare a de\u0219eurilor voluminoase \u0219i textile la Moldova Nou\u0103 \u2013 apel c\u0103tre popula\u021bie pentru un ora\u0219 mai curat! Prim\u0103ria Moldova Nou\u0103, \u00een parteneriat cu operatorul de salubrizare S.C. IONELA S.R.L., continu\u0103 demersurile dedicate men\u021binerii unui ora\u0219 curat \u0219i a unui mediu s\u0103n\u0103tos. Dup\u0103 campania de colectare a de\u0219eurilor electrice \u0219i electronice, desf\u0103\u0219urat\u0103 recent, [&hellip;]","og_url":"https:\/\/primariamoldovanoua.ro\/index.php\/2025\/11\/11\/campanie-de-colectare-a-deseurilor-voluminoase-si-textile-la-moldova-noua-apel-catre-populatie-pentru-un-oras-mai-curat\/","og_site_name":"Prim\u0103riaMoldovaNou\u0103.ro","article_published_time":"2025-11-11T20:41:44+00:00","article_modified_time":"2025-11-23T20:45:29+00:00","og_image":[{"width":598,"height":350,"url":"https:\/\/primariamoldovanoua.ro\/wp-content\/uploads\/2025\/11\/Mediu.jpg","type":"image\/jpeg"}],"author":"Prim\u0103ria Moldova Nou\u0103","twitter_card":"summary_large_image","twitter_misc":{"Written by":"Prim\u0103ria Moldova Nou\u0103","Est. reading time":"3 minutes"},"schema":{"@context":"https:\/\/schema.org","@graph":[{"@type":"Article","@id":"https:\/\/primariamoldovanoua.ro\/index.php\/2025\/11\/11\/campanie-de-colectare-a-deseurilor-voluminoase-si-textile-la-moldova-noua-apel-catre-populatie-pentru-un-oras-mai-curat\/#article","isPartOf":{"@id":"https:\/\/primariamoldovanoua.ro\/index.php\/2025\/11\/11\/campanie-de-colectare-a-deseurilor-voluminoase-si-textile-la-moldova-noua-apel-catre-populatie-pentru-un-oras-mai-curat\/"},"author":{"name":"Prim\u0103ria Moldova Nou\u0103","@id":"https:\/\/primariamoldovanoua.ro\/#\/schema\/person\/a20a7196289f7636116821adbc0c44fa"},"headline":"Campanie de colectare a de\u0219eurilor voluminoase \u0219i textile la Moldova Nou\u0103 \u2013 apel c\u0103tre popula\u021bie pentru un ora\u0219 mai curat!","datePublished":"2025-11-11T20:41:44+00:00","dateModified":"2025-11-23T20:45:29+00:00","mainEntityOfPage":{"@id":"https:\/\/primariamoldovanoua.ro\/index.php\/2025\/11\/11\/campanie-de-colectare-a-deseurilor-voluminoase-si-textile-la-moldova-noua-apel-catre-populatie-pentru-un-oras-mai-curat\/"},"wordCount":500,"publisher":{"@id":"https:\/\/primariamoldovanoua.ro\/#organization"},"image":{"@id":"https:\/\/primariamoldovanoua.ro\/index.php\/2025\/11\/11\/campanie-de-colectare-a-deseurilor-voluminoase-si-textile-la-moldova-noua-apel-catre-populatie-pentru-un-oras-mai-curat\/#primaryimage"},"thumbnailUrl":"https:\/\/primariamoldovanoua.ro\/wp-content\/uploads\/2025\/11\/Mediu.jpg","articleSection":["Evenimente"],"inLanguage":"en-US"},{"@type":"WebPage","@id":"https:\/\/primariamoldovanoua.ro\/index.php\/2025\/11\/11\/campanie-de-colectare-a-deseurilor-voluminoase-si-textile-la-moldova-noua-apel-catre-populatie-pentru-un-oras-mai-curat\/","url":"https:\/\/primariamoldovanoua.ro\/index.php\/2025\/11\/11\/campanie-de-colectare-a-deseurilor-voluminoase-si-textile-la-moldova-noua-apel-catre-populatie-pentru-un-oras-mai-curat\/","name":"Campanie de colectare a de\u0219eurilor voluminoase \u0219i textile la Moldova Nou\u0103 \u2013 apel c\u0103tre popula\u021bie pentru un ora\u0219 mai curat! - Prim\u0103riaMoldovaNou\u0103.ro","isPartOf":{"@id":"https:\/\/primariamoldovanoua.ro\/#website"},"primaryImageOfPage":{"@id":"https:\/\/primariamoldovanoua.ro\/index.php\/2025\/11\/11\/campanie-de-colectare-a-deseurilor-voluminoase-si-textile-la-moldova-noua-apel-catre-populatie-pentru-un-oras-mai-curat\/#primaryimage"},"image":{"@id":"https:\/\/primariamoldovanoua.ro\/index.php\/2025\/11\/11\/campanie-de-colectare-a-deseurilor-voluminoase-si-textile-la-moldova-noua-apel-catre-populatie-pentru-un-oras-mai-curat\/#primaryimage"},"thumbnailUrl":"https:\/\/primariamoldovanoua.ro\/wp-content\/uploads\/2025\/11\/Mediu.jpg","datePublished":"2025-11-11T20:41:44+00:00","dateModified":"2025-11-23T20:45:29+00:00","breadcrumb":{"@id":"https:\/\/primariamoldovanoua.ro\/index.php\/2025\/11\/11\/campanie-de-colectare-a-deseurilor-voluminoase-si-textile-la-moldova-noua-apel-catre-populatie-pentru-un-oras-mai-curat\/#breadcrumb"},"inLanguage":"en-US","potentialAction":[{"@type":"ReadAction","target":["https:\/\/primariamoldovanoua.ro\/index.php\/2025\/11\/11\/campanie-de-colectare-a-deseurilor-voluminoase-si-textile-la-moldova-noua-apel-catre-populatie-pentru-un-oras-mai-curat\/"]}]},{"@type":"ImageObject","inLanguage":"en-US","@id":"https:\/\/primariamoldovanoua.ro\/index.php\/2025\/11\/11\/campanie-de-colectare-a-deseurilor-voluminoase-si-textile-la-moldova-noua-apel-catre-populatie-pentru-un-oras-mai-curat\/#primaryimage","url":"https:\/\/primariamoldovanoua.ro\/wp-content\/uploads\/2025\/11\/Mediu.jpg","contentUrl":"https:\/\/primariamoldovanoua.ro\/wp-content\/uploads\/2025\/11\/Mediu.jpg","width":598,"height":350},{"@type":"BreadcrumbList","@id":"https:\/\/primariamoldovanoua.ro\/index.php\/2025\/11\/11\/campanie-de-colectare-a-deseurilor-voluminoase-si-textile-la-moldova-noua-apel-catre-populatie-pentru-un-oras-mai-curat\/#breadcrumb","itemListElement":[{"@type":"ListItem","position":1,"name":"Home","item":"https:\/\/primariamoldovanoua.ro\/"},{"@type":"ListItem","position":2,"name":"Campanie de colectare a de\u0219eurilor voluminoase \u0219i textile la Moldova Nou\u0103 \u2013 apel c\u0103tre popula\u021bie pentru un ora\u0219 mai curat!"}]},{"@type":"WebSite","@id":"https:\/\/primariamoldovanoua.ro\/#website","url":"https:\/\/primariamoldovanoua.ro\/","name":"Prim\u0103riaMoldovaNou\u0103.ro","description":"Site-ul oficial al UAT Moldova Nou\u0103, jude\u0163ul Cara\u015f-Severin","publisher":{"@id":"https:\/\/primariamoldovanoua.ro\/#organization"},"potentialAction":[{"@type":"SearchAction","target":{"@type":"EntryPoint","urlTemplate":"https:\/\/primariamoldovanoua.ro\/?s={search_term_string}"},"query-input":{"@type":"PropertyValueSpecification","valueRequired":true,"valueName":"search_term_string"}}],"inLanguage":"en-US"},{"@type":"Organization","@id":"https:\/\/primariamoldovanoua.ro\/#organization","name":"Prim\u0103riaMoldovaNou\u0103.ro","url":"https:\/\/primariamoldovanoua.ro\/","logo":{"@type":"ImageObject","inLanguage":"en-US","@id":"https:\/\/primariamoldovanoua.ro\/#\/schema\/logo\/image\/","url":"https:\/\/primariamoldovanoua.ro\/wp-content\/uploads\/2021\/04\/cropped-Logo-Moldova-Noua-M-1.png","contentUrl":"https:\/\/primariamoldovanoua.ro\/wp-content\/uploads\/2021\/04\/cropped-Logo-Moldova-Noua-M-1.png","width":158,"height":250,"caption":"Prim\u0103riaMoldovaNou\u0103.ro"},"image":{"@id":"https:\/\/primariamoldovanoua.ro\/#\/schema\/logo\/image\/"}},{"@type":"Person","@id":"https:\/\/primariamoldovanoua.ro\/#\/schema\/person\/a20a7196289f7636116821adbc0c44fa","name":"Prim\u0103ria Moldova Nou\u0103","image":{"@type":"ImageObject","inLanguage":"en-US","@id":"https:\/\/primariamoldovanoua.ro\/#\/schema\/person\/image\/","url":"https:\/\/secure.gravatar.com\/avatar\/265dade586a9462438303aeffa7963ab43d876f99729d7cafb668692174b1cc5?s=96&d=mm&r=g","contentUrl":"https:\/\/secure.gravatar.com\/avatar\/265dade586a9462438303aeffa7963ab43d876f99729d7cafb668692174b1cc5?s=96&d=mm&r=g","caption":"Prim\u0103ria Moldova Nou\u0103"},"url":"https:\/\/primariamoldovanoua.ro\/index.php\/author\/dragana\/"}]}},"_links":{"self":[{"href":"https:\/\/primariamoldovanoua.ro\/index.php\/wp-json\/wp\/v2\/posts\/12975","targetHints":{"allow":["GET"]}}],"collection":[{"href":"https:\/\/primariamoldovanoua.ro\/index.php\/wp-json\/wp\/v2\/posts"}],"about":[{"href":"https:\/\/primariamoldovanoua.ro\/index.php\/wp-json\/wp\/v2\/types\/post"}],"author":[{"embeddable":true,"href":"https:\/\/primariamoldovanoua.ro\/index.php\/wp-json\/wp\/v2\/users\/4"}],"replies":[{"embeddable":true,"href":"https:\/\/primariamoldovanoua.ro\/index.php\/wp-json\/wp\/v2\/comments?post=12975"}],"version-history":[{"count":7,"href":"https:\/\/primariamoldovanoua.ro\/index.php\/wp-json\/wp\/v2\/posts\/12975\/revisions"}],"predecessor-version":[{"id":12983,"href":"https:\/\/primariamoldovanoua.ro\/index.php\/wp-json\/wp\/v2\/posts\/12975\/revisions\/12983"}],"wp:featuredmedia":[{"embeddable":true,"href":"https:\/\/primariamoldovanoua.ro\/index.php\/wp-json\/wp\/v2\/media\/12977"}],"wp:attachment":[{"href":"https:\/\/primariamoldovanoua.ro\/index.php\/wp-json\/wp\/v2\/media?parent=12975"}],"wp:term":[{"taxonomy":"category","embeddable":true,"href":"https:\/\/primariamoldovanoua.ro\/index.php\/wp-json\/wp\/v2\/categories?post=12975"},{"taxonomy":"post_tag","embeddable":true,"href":"https:\/\/primariamoldovanoua.ro\/index.php\/wp-json\/wp\/v2\/tags?post=12975"}],"curies":[{"name":"wp","href":"https:\/\/api.w.org\/{rel}","templated":true}]}}