{"id":7617,"date":"2022-05-25T07:41:23","date_gmt":"2022-05-25T04:41:23","guid":{"rendered":"https:\/\/primariamoldovanoua.ro\/?p=7617"},"modified":"2022-05-25T07:42:45","modified_gmt":"2022-05-25T04:42:45","slug":"pistele-pentru-biciclete-la-moldova-noua","status":"publish","type":"post","link":"https:\/\/primariamoldovanoua.ro\/index.php\/2022\/05\/25\/pistele-pentru-biciclete-la-moldova-noua\/","title":{"rendered":"Piste pentru biciclete la Moldova Nou\u0103"},"content":{"rendered":"\n<p class=\"has-small-font-size\">Prim\u0103ria Moldova Nou\u0103 inten\u021bioneaz\u0103 s\u0103 amenajeze, \u00een premier\u0103, piste pentru biciclete pe mai multe str\u0103zi ale ora\u015fului \u00eencuraj\u00e2nd astfel utilizarea mijloacelor de transport alternative, nepoluante.<\/p>\n\n\n\n<p class=\"has-small-font-size\">Un prim proiect depus \u00een acest sens este &#8220;Asigurarea infrastructurii pentru transport verde \u00een Ora\u0219ul Moldova Nou\u0103 &#8211; Realizarea de piste pentru biciclete la nivel local pe traseul Str. Dun\u0103rii &#8211; PTF Moldova Nou\u0103&#8221;, valoarea maxim\u0103 \u00een acest caz fiind de 3.858.673, 16 lei cu TVA, din care 3.242.582,49 lei reprezint\u0103 cheltuieli eligibile asigurate din Planul Na\u021bional de Redresare \u0219i Rezilien\u021b\u0103, respectiv TVA \u00een valoare de 616.090,67 lei &#8211; cheltuieli asigurate din bugetul de stat.<\/p>\n\n\n\n<p class=\"has-small-font-size\">Cu ajutorul fondurilor europene, primii 3,607 kilometri destina\u021bi traficului verde vor face leg\u0103tura \u00eentre cartierul Ora\u0219ul Nou \u0219i Punctul de trecere a frontierei Moldova Nou\u0103-Golubac. Punctual, traseul porne\u0219te de pe Str. Dun\u0103rii, continu\u0103 cu Str. Sf. Varvara, unde se afl\u0103 sediul Poli\u021biei de frontier\u0103 Moldova Nou\u0103, Policlinica, Spitalul Or\u0103\u0219enesc Moldova Nou\u0103 \u0219i o farmacie, trec\u00e2nd apoi pe strada Liliacului \u0219i Aleea Crinilor, zone intens populate, ajung\u00e2nd \u00een strada Nicolae Titulescu (DN57). Traseul continu\u0103 pe strada Or\u0219ovei p\u00e2n\u0103 la intersec\u021bia cu drumul care duce la Punctul de trecere a frontierei Moldova Nou\u0103 cu bacul, deservind pe acest parcurs un magazin alimentar, stadionul Dun\u0103rea, bazinul de \u00eenot care urmeaz\u0103 s\u0103 fie ridicat de CNI \u0219i o sta\u021bie de carburan\u021bi. <\/p>\n\n\n\n<p class=\"has-small-font-size\">\u00centruc\u00e2t ora\u0219ele moderne au \u00een\u021beles bicicleta drept un mijloc de transport comod, eficient, gratuit \u0219i rapid pe distan\u021be scurte\/medii, reprezentan\u021bii administra\u021biei publice locale de la malul Dun\u0103rii nu s-au oprit doar la cei aproape 4 kilometri de pist\u0103 pentru biciclete. Recent, consilierii locali au aprobat un nou proiect pe aceea\u0219i tem\u0103 care va fi depus spre finan\u021bare. Este vorba de al\u021bi aproape 3 kilometri de pist\u0103, mai exact, 2,862 km, care vor face leg\u0103tura \u00eentre Ora\u0219ul Nou \u0219i Ora\u0219ul Vechi, respectiv Moldova Veche \u0219i Moldova Nou\u0103, traseul fiind creionat dup\u0103 cum urmeaz\u0103: str. Nicolae Titulescu (DN 57) &#8211; str. Unirii &#8211; Pia\u021ba de cereale \u0219i animale Moldova Nou\u0103.<\/p>\n\n\n\n<p class=\"has-small-font-size\">Valoarea maxim\u0103 eligibil\u0103 pentru proiectul &#8220;Asigurarea infrastructurii pentru transport verde \u00een Ora\u0219ul Moldova Nou\u0103 &#8211; Realizarea de piste pentru biciclete la nivel local pe traseul Str. Nicolae Titulescu &#8211; Pia\u021ba de cereale \u0219i animale Moldova Nou\u0103&#8221; este de 3.353.126,64 lei cu TVA, din care 2.816.753, 48 lei cheltuieli eligibile asigurate din Planul Na\u021bional de Redresare \u0219i Rezilien\u021b\u0103, respectiv TVA \u00een valoare de 535.373,16 lei reprezent\u00e2nd cheltuieli asigurate din bugetul de stat.<\/p>\n","protected":false},"excerpt":{"rendered":"<p>Prim\u0103ria Moldova Nou\u0103 inten\u021bioneaz\u0103 s\u0103 amenajeze, \u00een premier\u0103, piste pentru biciclete pe mai multe str\u0103zi ale ora\u015fului \u00eencuraj\u00e2nd astfel utilizarea mijloacelor de transport alternative, nepoluante. Un prim proiect depus \u00een acest sens este &#8220;Asigurarea infrastructurii pentru transport verde \u00een Ora\u0219ul Moldova Nou\u0103 &#8211; Realizarea de piste pentru biciclete la nivel local pe traseul Str. Dun\u0103rii [&hellip;]<\/p>\n","protected":false},"author":3,"featured_media":7618,"comment_status":"open","ping_status":"closed","sticky":false,"template":"","format":"standard","meta":{"site-sidebar-layout":"default","site-content-layout":"","ast-site-content-layout":"","site-content-style":"default","site-sidebar-style":"default","ast-global-header-display":"","ast-banner-title-visibility":"","ast-main-header-display":"","ast-hfb-above-header-display":"","ast-hfb-below-header-display":"","ast-hfb-mobile-header-display":"","site-post-title":"","ast-breadcrumbs-content":"","ast-featured-img":"","footer-sml-layout":"","theme-transparent-header-meta":"","adv-header-id-meta":"","stick-header-meta":"","header-above-stick-meta":"","header-main-stick-meta":"","header-below-stick-meta":"","astra-migrate-meta-layouts":"default","ast-page-background-enabled":"default","ast-page-background-meta":{"desktop":{"background-color":"","background-image":"","background-repeat":"repeat","background-position":"center center","background-size":"auto","background-attachment":"scroll","background-type":"","background-media":"","overlay-type":"","overlay-color":"","overlay-gradient":""},"tablet":{"background-color":"","background-image":"","background-repeat":"repeat","background-position":"center center","background-size":"auto","background-attachment":"scroll","background-type":"","background-media":"","overlay-type":"","overlay-color":"","overlay-gradient":""},"mobile":{"background-color":"","background-image":"","background-repeat":"repeat","background-position":"center center","background-size":"auto","background-attachment":"scroll","background-type":"","background-media":"","overlay-type":"","overlay-color":"","overlay-gradient":""}},"ast-content-background-meta":{"desktop":{"background-color":"var(--ast-global-color-5)","background-image":"","background-repeat":"repeat","background-position":"center center","background-size":"auto","background-attachment":"scroll","background-type":"","background-media":"","overlay-type":"","overlay-color":"","overlay-gradient":""},"tablet":{"background-color":"var(--ast-global-color-5)","background-image":"","background-repeat":"repeat","background-position":"center center","background-size":"auto","background-attachment":"scroll","background-type":"","background-media":"","overlay-type":"","overlay-color":"","overlay-gradient":""},"mobile":{"background-color":"var(--ast-global-color-5)","background-image":"","background-repeat":"repeat","background-position":"center center","background-size":"auto","background-attachment":"scroll","background-type":"","background-media":"","overlay-type":"","overlay-color":"","overlay-gradient":""}},"footnotes":""},"categories":[38],"tags":[],"class_list":["post-7617","post","type-post","status-publish","format-standard","has-post-thumbnail","hentry","category-stiri"],"yoast_head":"<!-- This site is optimized with the Yoast SEO plugin v27.0 - https:\/\/yoast.com\/product\/yoast-seo-wordpress\/ -->\n<title>Piste pentru biciclete la Moldova Nou\u0103 - Prim\u0103riaMoldovaNou\u0103.ro<\/title>\n<meta name=\"robots\" content=\"index, follow, max-snippet:-1, max-image-preview:large, max-video-preview:-1\" \/>\n<link rel=\"canonical\" href=\"https:\/\/primariamoldovanoua.ro\/index.php\/2022\/05\/25\/pistele-pentru-biciclete-la-moldova-noua\/\" \/>\n<meta property=\"og:locale\" content=\"en_US\" \/>\n<meta property=\"og:type\" content=\"article\" \/>\n<meta property=\"og:title\" content=\"Piste pentru biciclete la Moldova Nou\u0103 - Prim\u0103riaMoldovaNou\u0103.ro\" \/>\n<meta property=\"og:description\" content=\"Prim\u0103ria Moldova Nou\u0103 inten\u021bioneaz\u0103 s\u0103 amenajeze, \u00een premier\u0103, piste pentru biciclete pe mai multe str\u0103zi ale ora\u015fului \u00eencuraj\u00e2nd astfel utilizarea mijloacelor de transport alternative, nepoluante. Un prim proiect depus \u00een acest sens este &#8220;Asigurarea infrastructurii pentru transport verde \u00een Ora\u0219ul Moldova Nou\u0103 &#8211; Realizarea de piste pentru biciclete la nivel local pe traseul Str. Dun\u0103rii [&hellip;]\" \/>\n<meta property=\"og:url\" content=\"https:\/\/primariamoldovanoua.ro\/index.php\/2022\/05\/25\/pistele-pentru-biciclete-la-moldova-noua\/\" \/>\n<meta property=\"og:site_name\" content=\"Prim\u0103riaMoldovaNou\u0103.ro\" \/>\n<meta property=\"article:published_time\" content=\"2022-05-25T04:41:23+00:00\" \/>\n<meta property=\"article:modified_time\" content=\"2022-05-25T04:42:45+00:00\" \/>\n<meta property=\"og:image\" content=\"https:\/\/primariamoldovanoua.ro\/wp-content\/uploads\/2022\/05\/Piste-pentru-biciclete.jpg\" \/>\n\t<meta property=\"og:image:width\" content=\"640\" \/>\n\t<meta property=\"og:image:height\" content=\"480\" \/>\n\t<meta property=\"og:image:type\" content=\"image\/jpeg\" \/>\n<meta name=\"author\" content=\"Prim\u0103ria Moldova Nou\u0103\" \/>\n<meta name=\"twitter:card\" content=\"summary_large_image\" \/>\n<meta name=\"twitter:label1\" content=\"Written by\" \/>\n\t<meta name=\"twitter:data1\" content=\"Prim\u0103ria Moldova Nou\u0103\" \/>\n\t<meta name=\"twitter:label2\" content=\"Est. reading time\" \/>\n\t<meta name=\"twitter:data2\" content=\"2 minutes\" \/>\n<script type=\"application\/ld+json\" class=\"yoast-schema-graph\">{\"@context\":\"https:\/\/schema.org\",\"@graph\":[{\"@type\":\"Article\",\"@id\":\"https:\/\/primariamoldovanoua.ro\/index.php\/2022\/05\/25\/pistele-pentru-biciclete-la-moldova-noua\/#article\",\"isPartOf\":{\"@id\":\"https:\/\/primariamoldovanoua.ro\/index.php\/2022\/05\/25\/pistele-pentru-biciclete-la-moldova-noua\/\"},\"author\":{\"name\":\"Prim\u0103ria Moldova Nou\u0103\",\"@id\":\"https:\/\/primariamoldovanoua.ro\/#\/schema\/person\/2fb55b416c7bf986947c6b4b227d49aa\"},\"headline\":\"Piste pentru biciclete la Moldova Nou\u0103\",\"datePublished\":\"2022-05-25T04:41:23+00:00\",\"dateModified\":\"2022-05-25T04:42:45+00:00\",\"mainEntityOfPage\":{\"@id\":\"https:\/\/primariamoldovanoua.ro\/index.php\/2022\/05\/25\/pistele-pentru-biciclete-la-moldova-noua\/\"},\"wordCount\":432,\"commentCount\":0,\"publisher\":{\"@id\":\"https:\/\/primariamoldovanoua.ro\/#organization\"},\"image\":{\"@id\":\"https:\/\/primariamoldovanoua.ro\/index.php\/2022\/05\/25\/pistele-pentru-biciclete-la-moldova-noua\/#primaryimage\"},\"thumbnailUrl\":\"https:\/\/primariamoldovanoua.ro\/wp-content\/uploads\/2022\/05\/Piste-pentru-biciclete.jpg\",\"articleSection\":[\"Evenimente\"],\"inLanguage\":\"en-US\",\"potentialAction\":[{\"@type\":\"CommentAction\",\"name\":\"Comment\",\"target\":[\"https:\/\/primariamoldovanoua.ro\/index.php\/2022\/05\/25\/pistele-pentru-biciclete-la-moldova-noua\/#respond\"]}]},{\"@type\":\"WebPage\",\"@id\":\"https:\/\/primariamoldovanoua.ro\/index.php\/2022\/05\/25\/pistele-pentru-biciclete-la-moldova-noua\/\",\"url\":\"https:\/\/primariamoldovanoua.ro\/index.php\/2022\/05\/25\/pistele-pentru-biciclete-la-moldova-noua\/\",\"name\":\"Piste pentru biciclete la Moldova Nou\u0103 - Prim\u0103riaMoldovaNou\u0103.ro\",\"isPartOf\":{\"@id\":\"https:\/\/primariamoldovanoua.ro\/#website\"},\"primaryImageOfPage\":{\"@id\":\"https:\/\/primariamoldovanoua.ro\/index.php\/2022\/05\/25\/pistele-pentru-biciclete-la-moldova-noua\/#primaryimage\"},\"image\":{\"@id\":\"https:\/\/primariamoldovanoua.ro\/index.php\/2022\/05\/25\/pistele-pentru-biciclete-la-moldova-noua\/#primaryimage\"},\"thumbnailUrl\":\"https:\/\/primariamoldovanoua.ro\/wp-content\/uploads\/2022\/05\/Piste-pentru-biciclete.jpg\",\"datePublished\":\"2022-05-25T04:41:23+00:00\",\"dateModified\":\"2022-05-25T04:42:45+00:00\",\"breadcrumb\":{\"@id\":\"https:\/\/primariamoldovanoua.ro\/index.php\/2022\/05\/25\/pistele-pentru-biciclete-la-moldova-noua\/#breadcrumb\"},\"inLanguage\":\"en-US\",\"potentialAction\":[{\"@type\":\"ReadAction\",\"target\":[\"https:\/\/primariamoldovanoua.ro\/index.php\/2022\/05\/25\/pistele-pentru-biciclete-la-moldova-noua\/\"]}]},{\"@type\":\"ImageObject\",\"inLanguage\":\"en-US\",\"@id\":\"https:\/\/primariamoldovanoua.ro\/index.php\/2022\/05\/25\/pistele-pentru-biciclete-la-moldova-noua\/#primaryimage\",\"url\":\"https:\/\/primariamoldovanoua.ro\/wp-content\/uploads\/2022\/05\/Piste-pentru-biciclete.jpg\",\"contentUrl\":\"https:\/\/primariamoldovanoua.ro\/wp-content\/uploads\/2022\/05\/Piste-pentru-biciclete.jpg\",\"width\":640,\"height\":480},{\"@type\":\"BreadcrumbList\",\"@id\":\"https:\/\/primariamoldovanoua.ro\/index.php\/2022\/05\/25\/pistele-pentru-biciclete-la-moldova-noua\/#breadcrumb\",\"itemListElement\":[{\"@type\":\"ListItem\",\"position\":1,\"name\":\"Home\",\"item\":\"https:\/\/primariamoldovanoua.ro\/\"},{\"@type\":\"ListItem\",\"position\":2,\"name\":\"Piste pentru biciclete la Moldova Nou\u0103\"}]},{\"@type\":\"WebSite\",\"@id\":\"https:\/\/primariamoldovanoua.ro\/#website\",\"url\":\"https:\/\/primariamoldovanoua.ro\/\",\"name\":\"Prim\u0103riaMoldovaNou\u0103.ro\",\"description\":\"Site-ul oficial al UAT Moldova Nou\u0103, jude\u0163ul Cara\u015f-Severin\",\"publisher\":{\"@id\":\"https:\/\/primariamoldovanoua.ro\/#organization\"},\"potentialAction\":[{\"@type\":\"SearchAction\",\"target\":{\"@type\":\"EntryPoint\",\"urlTemplate\":\"https:\/\/primariamoldovanoua.ro\/?s={search_term_string}\"},\"query-input\":{\"@type\":\"PropertyValueSpecification\",\"valueRequired\":true,\"valueName\":\"search_term_string\"}}],\"inLanguage\":\"en-US\"},{\"@type\":\"Organization\",\"@id\":\"https:\/\/primariamoldovanoua.ro\/#organization\",\"name\":\"Prim\u0103riaMoldovaNou\u0103.ro\",\"url\":\"https:\/\/primariamoldovanoua.ro\/\",\"logo\":{\"@type\":\"ImageObject\",\"inLanguage\":\"en-US\",\"@id\":\"https:\/\/primariamoldovanoua.ro\/#\/schema\/logo\/image\/\",\"url\":\"https:\/\/primariamoldovanoua.ro\/wp-content\/uploads\/2021\/04\/cropped-Logo-Moldova-Noua-M-1.png\",\"contentUrl\":\"https:\/\/primariamoldovanoua.ro\/wp-content\/uploads\/2021\/04\/cropped-Logo-Moldova-Noua-M-1.png\",\"width\":158,\"height\":250,\"caption\":\"Prim\u0103riaMoldovaNou\u0103.ro\"},\"image\":{\"@id\":\"https:\/\/primariamoldovanoua.ro\/#\/schema\/logo\/image\/\"}},{\"@type\":\"Person\",\"@id\":\"https:\/\/primariamoldovanoua.ro\/#\/schema\/person\/2fb55b416c7bf986947c6b4b227d49aa\",\"name\":\"Prim\u0103ria Moldova Nou\u0103\",\"image\":{\"@type\":\"ImageObject\",\"inLanguage\":\"en-US\",\"@id\":\"https:\/\/primariamoldovanoua.ro\/#\/schema\/person\/image\/\",\"url\":\"https:\/\/secure.gravatar.com\/avatar\/b653bdd202f9fe88f5bd239d106a4eae4f6f75e6bf8d7fc0fc1042c8e25b444f?s=96&d=mm&r=g\",\"contentUrl\":\"https:\/\/secure.gravatar.com\/avatar\/b653bdd202f9fe88f5bd239d106a4eae4f6f75e6bf8d7fc0fc1042c8e25b444f?s=96&d=mm&r=g\",\"caption\":\"Prim\u0103ria Moldova Nou\u0103\"},\"url\":\"https:\/\/primariamoldovanoua.ro\/index.php\/author\/alin\/\"}]}<\/script>\n<!-- \/ Yoast SEO plugin. -->","yoast_head_json":{"title":"Piste pentru biciclete la Moldova Nou\u0103 - Prim\u0103riaMoldovaNou\u0103.ro","robots":{"index":"index","follow":"follow","max-snippet":"max-snippet:-1","max-image-preview":"max-image-preview:large","max-video-preview":"max-video-preview:-1"},"canonical":"https:\/\/primariamoldovanoua.ro\/index.php\/2022\/05\/25\/pistele-pentru-biciclete-la-moldova-noua\/","og_locale":"en_US","og_type":"article","og_title":"Piste pentru biciclete la Moldova Nou\u0103 - Prim\u0103riaMoldovaNou\u0103.ro","og_description":"Prim\u0103ria Moldova Nou\u0103 inten\u021bioneaz\u0103 s\u0103 amenajeze, \u00een premier\u0103, piste pentru biciclete pe mai multe str\u0103zi ale ora\u015fului \u00eencuraj\u00e2nd astfel utilizarea mijloacelor de transport alternative, nepoluante. Un prim proiect depus \u00een acest sens este &#8220;Asigurarea infrastructurii pentru transport verde \u00een Ora\u0219ul Moldova Nou\u0103 &#8211; Realizarea de piste pentru biciclete la nivel local pe traseul Str. Dun\u0103rii [&hellip;]","og_url":"https:\/\/primariamoldovanoua.ro\/index.php\/2022\/05\/25\/pistele-pentru-biciclete-la-moldova-noua\/","og_site_name":"Prim\u0103riaMoldovaNou\u0103.ro","article_published_time":"2022-05-25T04:41:23+00:00","article_modified_time":"2022-05-25T04:42:45+00:00","og_image":[{"width":640,"height":480,"url":"https:\/\/primariamoldovanoua.ro\/wp-content\/uploads\/2022\/05\/Piste-pentru-biciclete.jpg","type":"image\/jpeg"}],"author":"Prim\u0103ria Moldova Nou\u0103","twitter_card":"summary_large_image","twitter_misc":{"Written by":"Prim\u0103ria Moldova Nou\u0103","Est. reading time":"2 minutes"},"schema":{"@context":"https:\/\/schema.org","@graph":[{"@type":"Article","@id":"https:\/\/primariamoldovanoua.ro\/index.php\/2022\/05\/25\/pistele-pentru-biciclete-la-moldova-noua\/#article","isPartOf":{"@id":"https:\/\/primariamoldovanoua.ro\/index.php\/2022\/05\/25\/pistele-pentru-biciclete-la-moldova-noua\/"},"author":{"name":"Prim\u0103ria Moldova Nou\u0103","@id":"https:\/\/primariamoldovanoua.ro\/#\/schema\/person\/2fb55b416c7bf986947c6b4b227d49aa"},"headline":"Piste pentru biciclete la Moldova Nou\u0103","datePublished":"2022-05-25T04:41:23+00:00","dateModified":"2022-05-25T04:42:45+00:00","mainEntityOfPage":{"@id":"https:\/\/primariamoldovanoua.ro\/index.php\/2022\/05\/25\/pistele-pentru-biciclete-la-moldova-noua\/"},"wordCount":432,"commentCount":0,"publisher":{"@id":"https:\/\/primariamoldovanoua.ro\/#organization"},"image":{"@id":"https:\/\/primariamoldovanoua.ro\/index.php\/2022\/05\/25\/pistele-pentru-biciclete-la-moldova-noua\/#primaryimage"},"thumbnailUrl":"https:\/\/primariamoldovanoua.ro\/wp-content\/uploads\/2022\/05\/Piste-pentru-biciclete.jpg","articleSection":["Evenimente"],"inLanguage":"en-US","potentialAction":[{"@type":"CommentAction","name":"Comment","target":["https:\/\/primariamoldovanoua.ro\/index.php\/2022\/05\/25\/pistele-pentru-biciclete-la-moldova-noua\/#respond"]}]},{"@type":"WebPage","@id":"https:\/\/primariamoldovanoua.ro\/index.php\/2022\/05\/25\/pistele-pentru-biciclete-la-moldova-noua\/","url":"https:\/\/primariamoldovanoua.ro\/index.php\/2022\/05\/25\/pistele-pentru-biciclete-la-moldova-noua\/","name":"Piste pentru biciclete la Moldova Nou\u0103 - Prim\u0103riaMoldovaNou\u0103.ro","isPartOf":{"@id":"https:\/\/primariamoldovanoua.ro\/#website"},"primaryImageOfPage":{"@id":"https:\/\/primariamoldovanoua.ro\/index.php\/2022\/05\/25\/pistele-pentru-biciclete-la-moldova-noua\/#primaryimage"},"image":{"@id":"https:\/\/primariamoldovanoua.ro\/index.php\/2022\/05\/25\/pistele-pentru-biciclete-la-moldova-noua\/#primaryimage"},"thumbnailUrl":"https:\/\/primariamoldovanoua.ro\/wp-content\/uploads\/2022\/05\/Piste-pentru-biciclete.jpg","datePublished":"2022-05-25T04:41:23+00:00","dateModified":"2022-05-25T04:42:45+00:00","breadcrumb":{"@id":"https:\/\/primariamoldovanoua.ro\/index.php\/2022\/05\/25\/pistele-pentru-biciclete-la-moldova-noua\/#breadcrumb"},"inLanguage":"en-US","potentialAction":[{"@type":"ReadAction","target":["https:\/\/primariamoldovanoua.ro\/index.php\/2022\/05\/25\/pistele-pentru-biciclete-la-moldova-noua\/"]}]},{"@type":"ImageObject","inLanguage":"en-US","@id":"https:\/\/primariamoldovanoua.ro\/index.php\/2022\/05\/25\/pistele-pentru-biciclete-la-moldova-noua\/#primaryimage","url":"https:\/\/primariamoldovanoua.ro\/wp-content\/uploads\/2022\/05\/Piste-pentru-biciclete.jpg","contentUrl":"https:\/\/primariamoldovanoua.ro\/wp-content\/uploads\/2022\/05\/Piste-pentru-biciclete.jpg","width":640,"height":480},{"@type":"BreadcrumbList","@id":"https:\/\/primariamoldovanoua.ro\/index.php\/2022\/05\/25\/pistele-pentru-biciclete-la-moldova-noua\/#breadcrumb","itemListElement":[{"@type":"ListItem","position":1,"name":"Home","item":"https:\/\/primariamoldovanoua.ro\/"},{"@type":"ListItem","position":2,"name":"Piste pentru biciclete la Moldova Nou\u0103"}]},{"@type":"WebSite","@id":"https:\/\/primariamoldovanoua.ro\/#website","url":"https:\/\/primariamoldovanoua.ro\/","name":"Prim\u0103riaMoldovaNou\u0103.ro","description":"Site-ul oficial al UAT Moldova Nou\u0103, jude\u0163ul Cara\u015f-Severin","publisher":{"@id":"https:\/\/primariamoldovanoua.ro\/#organization"},"potentialAction":[{"@type":"SearchAction","target":{"@type":"EntryPoint","urlTemplate":"https:\/\/primariamoldovanoua.ro\/?s={search_term_string}"},"query-input":{"@type":"PropertyValueSpecification","valueRequired":true,"valueName":"search_term_string"}}],"inLanguage":"en-US"},{"@type":"Organization","@id":"https:\/\/primariamoldovanoua.ro\/#organization","name":"Prim\u0103riaMoldovaNou\u0103.ro","url":"https:\/\/primariamoldovanoua.ro\/","logo":{"@type":"ImageObject","inLanguage":"en-US","@id":"https:\/\/primariamoldovanoua.ro\/#\/schema\/logo\/image\/","url":"https:\/\/primariamoldovanoua.ro\/wp-content\/uploads\/2021\/04\/cropped-Logo-Moldova-Noua-M-1.png","contentUrl":"https:\/\/primariamoldovanoua.ro\/wp-content\/uploads\/2021\/04\/cropped-Logo-Moldova-Noua-M-1.png","width":158,"height":250,"caption":"Prim\u0103riaMoldovaNou\u0103.ro"},"image":{"@id":"https:\/\/primariamoldovanoua.ro\/#\/schema\/logo\/image\/"}},{"@type":"Person","@id":"https:\/\/primariamoldovanoua.ro\/#\/schema\/person\/2fb55b416c7bf986947c6b4b227d49aa","name":"Prim\u0103ria Moldova Nou\u0103","image":{"@type":"ImageObject","inLanguage":"en-US","@id":"https:\/\/primariamoldovanoua.ro\/#\/schema\/person\/image\/","url":"https:\/\/secure.gravatar.com\/avatar\/b653bdd202f9fe88f5bd239d106a4eae4f6f75e6bf8d7fc0fc1042c8e25b444f?s=96&d=mm&r=g","contentUrl":"https:\/\/secure.gravatar.com\/avatar\/b653bdd202f9fe88f5bd239d106a4eae4f6f75e6bf8d7fc0fc1042c8e25b444f?s=96&d=mm&r=g","caption":"Prim\u0103ria Moldova Nou\u0103"},"url":"https:\/\/primariamoldovanoua.ro\/index.php\/author\/alin\/"}]}},"_links":{"self":[{"href":"https:\/\/primariamoldovanoua.ro\/index.php\/wp-json\/wp\/v2\/posts\/7617","targetHints":{"allow":["GET"]}}],"collection":[{"href":"https:\/\/primariamoldovanoua.ro\/index.php\/wp-json\/wp\/v2\/posts"}],"about":[{"href":"https:\/\/primariamoldovanoua.ro\/index.php\/wp-json\/wp\/v2\/types\/post"}],"author":[{"embeddable":true,"href":"https:\/\/primariamoldovanoua.ro\/index.php\/wp-json\/wp\/v2\/users\/3"}],"replies":[{"embeddable":true,"href":"https:\/\/primariamoldovanoua.ro\/index.php\/wp-json\/wp\/v2\/comments?post=7617"}],"version-history":[{"count":2,"href":"https:\/\/primariamoldovanoua.ro\/index.php\/wp-json\/wp\/v2\/posts\/7617\/revisions"}],"predecessor-version":[{"id":7620,"href":"https:\/\/primariamoldovanoua.ro\/index.php\/wp-json\/wp\/v2\/posts\/7617\/revisions\/7620"}],"wp:featuredmedia":[{"embeddable":true,"href":"https:\/\/primariamoldovanoua.ro\/index.php\/wp-json\/wp\/v2\/media\/7618"}],"wp:attachment":[{"href":"https:\/\/primariamoldovanoua.ro\/index.php\/wp-json\/wp\/v2\/media?parent=7617"}],"wp:term":[{"taxonomy":"category","embeddable":true,"href":"https:\/\/primariamoldovanoua.ro\/index.php\/wp-json\/wp\/v2\/categories?post=7617"},{"taxonomy":"post_tag","embeddable":true,"href":"https:\/\/primariamoldovanoua.ro\/index.php\/wp-json\/wp\/v2\/tags?post=7617"}],"curies":[{"name":"wp","href":"https:\/\/api.w.org\/{rel}","templated":true}]}}