{"id":8200,"date":"2022-10-10T20:31:31","date_gmt":"2022-10-10T17:31:31","guid":{"rendered":"https:\/\/primariamoldovanoua.ro\/?p=8200"},"modified":"2022-10-12T11:19:38","modified_gmt":"2022-10-12T08:19:38","slug":"targ-de-adoptii-pentru-caini","status":"publish","type":"post","link":"https:\/\/primariamoldovanoua.ro\/index.php\/2022\/10\/10\/targ-de-adoptii-pentru-caini\/","title":{"rendered":"T\u00e2rg de adop\u0163ii pentru c\u00e2ini"},"content":{"rendered":"\n<p class=\"has-small-font-size\">\u00cen zilele de 11 \u015fi 12 octombrie, \u00eentre orele 10.00 \u015fi 16.00, Serviciul Public de Gestionare a C\u00e2inilor f\u0103r\u0103 st\u0103p\u00e2n anun\u021b\u0103 organizarea t\u00e2rgului de adop\u021bie a c\u00e2inilor f\u0103r\u0103 st\u0103p\u00e2n din cadrul ad\u0103postului public al ora\u0219ului Moldova Nou\u0103.<\/p>\n\n\n\n<p class=\"has-small-font-size\">Reamintim c\u0103 ad\u0103postul pentru c\u00e2inii f\u0103r\u0103 st\u0103p\u00e2n din Moldova Nou\u0103 se adreseaz\u0103 tuturor iubitorilor de animale de pe raza ora\u015fului \u0219i nu numai. Ca atare, pentru orice informa\u021bie punctual\u0103 vizavi de t\u00e2rgul de adop\u021bie care vizeaz\u0103 c\u00e2inii f\u0103r\u0103 st\u0103p\u00e2n din ad\u0103postul public (zona V\u0103rad), iat\u0103 num\u0103rul de telefon la care pot apela to\u021bi cei interesa\u021bi: 0787 869 359.<\/p>\n\n\n\n<p class=\"has-small-font-size\">\u00cen cazul adop\u021biei, c\u00e2inii de la ad\u0103post vor avea carnet de s\u0103n\u0103tate \u0219i vor fi deparazita\u021bi, vaccina\u021bi \u015fi microcipa\u021bi.<\/p>\n\n\n\n<figure class=\"wp-block-image size-large\"><img fetchpriority=\"high\" decoding=\"async\" width=\"1024\" height=\"768\" src=\"https:\/\/primariamoldovanoua.ro\/wp-content\/uploads\/2022\/10\/Avizier-1024x768.jpg\" alt=\"\" class=\"wp-image-8222\" srcset=\"https:\/\/primariamoldovanoua.ro\/wp-content\/uploads\/2022\/10\/Avizier-1024x768.jpg 1024w, https:\/\/primariamoldovanoua.ro\/wp-content\/uploads\/2022\/10\/Avizier-300x225.jpg 300w, https:\/\/primariamoldovanoua.ro\/wp-content\/uploads\/2022\/10\/Avizier-768x576.jpg 768w, https:\/\/primariamoldovanoua.ro\/wp-content\/uploads\/2022\/10\/Avizier-1536x1152.jpg 1536w, https:\/\/primariamoldovanoua.ro\/wp-content\/uploads\/2022\/10\/Avizier-2048x1536.jpg 2048w\" sizes=\"(max-width: 1024px) 100vw, 1024px\" \/><\/figure>\n","protected":false},"excerpt":{"rendered":"<p>\u00cen zilele de 11 \u015fi 12 octombrie, \u00eentre orele 10.00 \u015fi 16.00, Serviciul Public de Gestionare a C\u00e2inilor f\u0103r\u0103 st\u0103p\u00e2n anun\u021b\u0103 organizarea t\u00e2rgului de adop\u021bie a c\u00e2inilor f\u0103r\u0103 st\u0103p\u00e2n din cadrul ad\u0103postului public al ora\u0219ului Moldova Nou\u0103. Reamintim c\u0103 ad\u0103postul pentru c\u00e2inii f\u0103r\u0103 st\u0103p\u00e2n din Moldova Nou\u0103 se adreseaz\u0103 tuturor iubitorilor de animale de pe [&hellip;]<\/p>\n","protected":false},"author":3,"featured_media":8108,"comment_status":"open","ping_status":"closed","sticky":false,"template":"","format":"standard","meta":{"site-sidebar-layout":"default","site-content-layout":"","ast-site-content-layout":"","site-content-style":"default","site-sidebar-style":"default","ast-global-header-display":"","ast-banner-title-visibility":"","ast-main-header-display":"","ast-hfb-above-header-display":"","ast-hfb-below-header-display":"","ast-hfb-mobile-header-display":"","site-post-title":"","ast-breadcrumbs-content":"","ast-featured-img":"","footer-sml-layout":"","theme-transparent-header-meta":"","adv-header-id-meta":"","stick-header-meta":"","header-above-stick-meta":"","header-main-stick-meta":"","header-below-stick-meta":"","astra-migrate-meta-layouts":"default","ast-page-background-enabled":"default","ast-page-background-meta":{"desktop":{"background-color":"","background-image":"","background-repeat":"repeat","background-position":"center center","background-size":"auto","background-attachment":"scroll","background-type":"","background-media":"","overlay-type":"","overlay-color":"","overlay-gradient":""},"tablet":{"background-color":"","background-image":"","background-repeat":"repeat","background-position":"center center","background-size":"auto","background-attachment":"scroll","background-type":"","background-media":"","overlay-type":"","overlay-color":"","overlay-gradient":""},"mobile":{"background-color":"","background-image":"","background-repeat":"repeat","background-position":"center center","background-size":"auto","background-attachment":"scroll","background-type":"","background-media":"","overlay-type":"","overlay-color":"","overlay-gradient":""}},"ast-content-background-meta":{"desktop":{"background-color":"var(--ast-global-color-5)","background-image":"","background-repeat":"repeat","background-position":"center center","background-size":"auto","background-attachment":"scroll","background-type":"","background-media":"","overlay-type":"","overlay-color":"","overlay-gradient":""},"tablet":{"background-color":"var(--ast-global-color-5)","background-image":"","background-repeat":"repeat","background-position":"center center","background-size":"auto","background-attachment":"scroll","background-type":"","background-media":"","overlay-type":"","overlay-color":"","overlay-gradient":""},"mobile":{"background-color":"var(--ast-global-color-5)","background-image":"","background-repeat":"repeat","background-position":"center center","background-size":"auto","background-attachment":"scroll","background-type":"","background-media":"","overlay-type":"","overlay-color":"","overlay-gradient":""}},"footnotes":""},"categories":[38],"tags":[],"class_list":["post-8200","post","type-post","status-publish","format-standard","has-post-thumbnail","hentry","category-stiri"],"yoast_head":"<!-- This site is optimized with the Yoast SEO plugin v27.0 - https:\/\/yoast.com\/product\/yoast-seo-wordpress\/ -->\n<title>T\u00e2rg de adop\u0163ii pentru c\u00e2ini - Prim\u0103riaMoldovaNou\u0103.ro<\/title>\n<meta name=\"robots\" content=\"index, follow, max-snippet:-1, max-image-preview:large, max-video-preview:-1\" \/>\n<link rel=\"canonical\" href=\"https:\/\/primariamoldovanoua.ro\/index.php\/2022\/10\/10\/targ-de-adoptii-pentru-caini\/\" \/>\n<meta property=\"og:locale\" content=\"en_US\" \/>\n<meta property=\"og:type\" content=\"article\" \/>\n<meta property=\"og:title\" content=\"T\u00e2rg de adop\u0163ii pentru c\u00e2ini - Prim\u0103riaMoldovaNou\u0103.ro\" \/>\n<meta property=\"og:description\" content=\"\u00cen zilele de 11 \u015fi 12 octombrie, \u00eentre orele 10.00 \u015fi 16.00, Serviciul Public de Gestionare a C\u00e2inilor f\u0103r\u0103 st\u0103p\u00e2n anun\u021b\u0103 organizarea t\u00e2rgului de adop\u021bie a c\u00e2inilor f\u0103r\u0103 st\u0103p\u00e2n din cadrul ad\u0103postului public al ora\u0219ului Moldova Nou\u0103. Reamintim c\u0103 ad\u0103postul pentru c\u00e2inii f\u0103r\u0103 st\u0103p\u00e2n din Moldova Nou\u0103 se adreseaz\u0103 tuturor iubitorilor de animale de pe [&hellip;]\" \/>\n<meta property=\"og:url\" content=\"https:\/\/primariamoldovanoua.ro\/index.php\/2022\/10\/10\/targ-de-adoptii-pentru-caini\/\" \/>\n<meta property=\"og:site_name\" content=\"Prim\u0103riaMoldovaNou\u0103.ro\" \/>\n<meta property=\"article:published_time\" content=\"2022-10-10T17:31:31+00:00\" \/>\n<meta property=\"article:modified_time\" content=\"2022-10-12T08:19:38+00:00\" \/>\n<meta property=\"og:image\" content=\"https:\/\/primariamoldovanoua.ro\/wp-content\/uploads\/2022\/09\/8.jpg\" \/>\n\t<meta property=\"og:image:width\" content=\"2048\" \/>\n\t<meta property=\"og:image:height\" content=\"1536\" \/>\n\t<meta property=\"og:image:type\" content=\"image\/jpeg\" \/>\n<meta name=\"author\" content=\"Prim\u0103ria Moldova Nou\u0103\" \/>\n<meta name=\"twitter:card\" content=\"summary_large_image\" \/>\n<meta name=\"twitter:label1\" content=\"Written by\" \/>\n\t<meta name=\"twitter:data1\" content=\"Prim\u0103ria Moldova Nou\u0103\" \/>\n\t<meta name=\"twitter:label2\" content=\"Est. reading time\" \/>\n\t<meta name=\"twitter:data2\" content=\"1 minute\" \/>\n<script type=\"application\/ld+json\" class=\"yoast-schema-graph\">{\"@context\":\"https:\/\/schema.org\",\"@graph\":[{\"@type\":\"Article\",\"@id\":\"https:\/\/primariamoldovanoua.ro\/index.php\/2022\/10\/10\/targ-de-adoptii-pentru-caini\/#article\",\"isPartOf\":{\"@id\":\"https:\/\/primariamoldovanoua.ro\/index.php\/2022\/10\/10\/targ-de-adoptii-pentru-caini\/\"},\"author\":{\"name\":\"Prim\u0103ria Moldova Nou\u0103\",\"@id\":\"https:\/\/primariamoldovanoua.ro\/#\/schema\/person\/2fb55b416c7bf986947c6b4b227d49aa\"},\"headline\":\"T\u00e2rg de adop\u0163ii pentru c\u00e2ini\",\"datePublished\":\"2022-10-10T17:31:31+00:00\",\"dateModified\":\"2022-10-12T08:19:38+00:00\",\"mainEntityOfPage\":{\"@id\":\"https:\/\/primariamoldovanoua.ro\/index.php\/2022\/10\/10\/targ-de-adoptii-pentru-caini\/\"},\"wordCount\":153,\"commentCount\":0,\"publisher\":{\"@id\":\"https:\/\/primariamoldovanoua.ro\/#organization\"},\"image\":{\"@id\":\"https:\/\/primariamoldovanoua.ro\/index.php\/2022\/10\/10\/targ-de-adoptii-pentru-caini\/#primaryimage\"},\"thumbnailUrl\":\"https:\/\/primariamoldovanoua.ro\/wp-content\/uploads\/2022\/09\/8.jpg\",\"articleSection\":[\"Evenimente\"],\"inLanguage\":\"en-US\",\"potentialAction\":[{\"@type\":\"CommentAction\",\"name\":\"Comment\",\"target\":[\"https:\/\/primariamoldovanoua.ro\/index.php\/2022\/10\/10\/targ-de-adoptii-pentru-caini\/#respond\"]}]},{\"@type\":\"WebPage\",\"@id\":\"https:\/\/primariamoldovanoua.ro\/index.php\/2022\/10\/10\/targ-de-adoptii-pentru-caini\/\",\"url\":\"https:\/\/primariamoldovanoua.ro\/index.php\/2022\/10\/10\/targ-de-adoptii-pentru-caini\/\",\"name\":\"T\u00e2rg de adop\u0163ii pentru c\u00e2ini - Prim\u0103riaMoldovaNou\u0103.ro\",\"isPartOf\":{\"@id\":\"https:\/\/primariamoldovanoua.ro\/#website\"},\"primaryImageOfPage\":{\"@id\":\"https:\/\/primariamoldovanoua.ro\/index.php\/2022\/10\/10\/targ-de-adoptii-pentru-caini\/#primaryimage\"},\"image\":{\"@id\":\"https:\/\/primariamoldovanoua.ro\/index.php\/2022\/10\/10\/targ-de-adoptii-pentru-caini\/#primaryimage\"},\"thumbnailUrl\":\"https:\/\/primariamoldovanoua.ro\/wp-content\/uploads\/2022\/09\/8.jpg\",\"datePublished\":\"2022-10-10T17:31:31+00:00\",\"dateModified\":\"2022-10-12T08:19:38+00:00\",\"breadcrumb\":{\"@id\":\"https:\/\/primariamoldovanoua.ro\/index.php\/2022\/10\/10\/targ-de-adoptii-pentru-caini\/#breadcrumb\"},\"inLanguage\":\"en-US\",\"potentialAction\":[{\"@type\":\"ReadAction\",\"target\":[\"https:\/\/primariamoldovanoua.ro\/index.php\/2022\/10\/10\/targ-de-adoptii-pentru-caini\/\"]}]},{\"@type\":\"ImageObject\",\"inLanguage\":\"en-US\",\"@id\":\"https:\/\/primariamoldovanoua.ro\/index.php\/2022\/10\/10\/targ-de-adoptii-pentru-caini\/#primaryimage\",\"url\":\"https:\/\/primariamoldovanoua.ro\/wp-content\/uploads\/2022\/09\/8.jpg\",\"contentUrl\":\"https:\/\/primariamoldovanoua.ro\/wp-content\/uploads\/2022\/09\/8.jpg\",\"width\":2048,\"height\":1536},{\"@type\":\"BreadcrumbList\",\"@id\":\"https:\/\/primariamoldovanoua.ro\/index.php\/2022\/10\/10\/targ-de-adoptii-pentru-caini\/#breadcrumb\",\"itemListElement\":[{\"@type\":\"ListItem\",\"position\":1,\"name\":\"Home\",\"item\":\"https:\/\/primariamoldovanoua.ro\/\"},{\"@type\":\"ListItem\",\"position\":2,\"name\":\"T\u00e2rg de adop\u0163ii pentru c\u00e2ini\"}]},{\"@type\":\"WebSite\",\"@id\":\"https:\/\/primariamoldovanoua.ro\/#website\",\"url\":\"https:\/\/primariamoldovanoua.ro\/\",\"name\":\"Prim\u0103riaMoldovaNou\u0103.ro\",\"description\":\"Site-ul oficial al UAT Moldova Nou\u0103, jude\u0163ul Cara\u015f-Severin\",\"publisher\":{\"@id\":\"https:\/\/primariamoldovanoua.ro\/#organization\"},\"potentialAction\":[{\"@type\":\"SearchAction\",\"target\":{\"@type\":\"EntryPoint\",\"urlTemplate\":\"https:\/\/primariamoldovanoua.ro\/?s={search_term_string}\"},\"query-input\":{\"@type\":\"PropertyValueSpecification\",\"valueRequired\":true,\"valueName\":\"search_term_string\"}}],\"inLanguage\":\"en-US\"},{\"@type\":\"Organization\",\"@id\":\"https:\/\/primariamoldovanoua.ro\/#organization\",\"name\":\"Prim\u0103riaMoldovaNou\u0103.ro\",\"url\":\"https:\/\/primariamoldovanoua.ro\/\",\"logo\":{\"@type\":\"ImageObject\",\"inLanguage\":\"en-US\",\"@id\":\"https:\/\/primariamoldovanoua.ro\/#\/schema\/logo\/image\/\",\"url\":\"https:\/\/primariamoldovanoua.ro\/wp-content\/uploads\/2021\/04\/cropped-Logo-Moldova-Noua-M-1.png\",\"contentUrl\":\"https:\/\/primariamoldovanoua.ro\/wp-content\/uploads\/2021\/04\/cropped-Logo-Moldova-Noua-M-1.png\",\"width\":158,\"height\":250,\"caption\":\"Prim\u0103riaMoldovaNou\u0103.ro\"},\"image\":{\"@id\":\"https:\/\/primariamoldovanoua.ro\/#\/schema\/logo\/image\/\"}},{\"@type\":\"Person\",\"@id\":\"https:\/\/primariamoldovanoua.ro\/#\/schema\/person\/2fb55b416c7bf986947c6b4b227d49aa\",\"name\":\"Prim\u0103ria Moldova Nou\u0103\",\"image\":{\"@type\":\"ImageObject\",\"inLanguage\":\"en-US\",\"@id\":\"https:\/\/primariamoldovanoua.ro\/#\/schema\/person\/image\/\",\"url\":\"https:\/\/secure.gravatar.com\/avatar\/b653bdd202f9fe88f5bd239d106a4eae4f6f75e6bf8d7fc0fc1042c8e25b444f?s=96&d=mm&r=g\",\"contentUrl\":\"https:\/\/secure.gravatar.com\/avatar\/b653bdd202f9fe88f5bd239d106a4eae4f6f75e6bf8d7fc0fc1042c8e25b444f?s=96&d=mm&r=g\",\"caption\":\"Prim\u0103ria Moldova Nou\u0103\"},\"url\":\"https:\/\/primariamoldovanoua.ro\/index.php\/author\/alin\/\"}]}<\/script>\n<!-- \/ Yoast SEO plugin. -->","yoast_head_json":{"title":"T\u00e2rg de adop\u0163ii pentru c\u00e2ini - Prim\u0103riaMoldovaNou\u0103.ro","robots":{"index":"index","follow":"follow","max-snippet":"max-snippet:-1","max-image-preview":"max-image-preview:large","max-video-preview":"max-video-preview:-1"},"canonical":"https:\/\/primariamoldovanoua.ro\/index.php\/2022\/10\/10\/targ-de-adoptii-pentru-caini\/","og_locale":"en_US","og_type":"article","og_title":"T\u00e2rg de adop\u0163ii pentru c\u00e2ini - Prim\u0103riaMoldovaNou\u0103.ro","og_description":"\u00cen zilele de 11 \u015fi 12 octombrie, \u00eentre orele 10.00 \u015fi 16.00, Serviciul Public de Gestionare a C\u00e2inilor f\u0103r\u0103 st\u0103p\u00e2n anun\u021b\u0103 organizarea t\u00e2rgului de adop\u021bie a c\u00e2inilor f\u0103r\u0103 st\u0103p\u00e2n din cadrul ad\u0103postului public al ora\u0219ului Moldova Nou\u0103. Reamintim c\u0103 ad\u0103postul pentru c\u00e2inii f\u0103r\u0103 st\u0103p\u00e2n din Moldova Nou\u0103 se adreseaz\u0103 tuturor iubitorilor de animale de pe [&hellip;]","og_url":"https:\/\/primariamoldovanoua.ro\/index.php\/2022\/10\/10\/targ-de-adoptii-pentru-caini\/","og_site_name":"Prim\u0103riaMoldovaNou\u0103.ro","article_published_time":"2022-10-10T17:31:31+00:00","article_modified_time":"2022-10-12T08:19:38+00:00","og_image":[{"width":2048,"height":1536,"url":"https:\/\/primariamoldovanoua.ro\/wp-content\/uploads\/2022\/09\/8.jpg","type":"image\/jpeg"}],"author":"Prim\u0103ria Moldova Nou\u0103","twitter_card":"summary_large_image","twitter_misc":{"Written by":"Prim\u0103ria Moldova Nou\u0103","Est. reading time":"1 minute"},"schema":{"@context":"https:\/\/schema.org","@graph":[{"@type":"Article","@id":"https:\/\/primariamoldovanoua.ro\/index.php\/2022\/10\/10\/targ-de-adoptii-pentru-caini\/#article","isPartOf":{"@id":"https:\/\/primariamoldovanoua.ro\/index.php\/2022\/10\/10\/targ-de-adoptii-pentru-caini\/"},"author":{"name":"Prim\u0103ria Moldova Nou\u0103","@id":"https:\/\/primariamoldovanoua.ro\/#\/schema\/person\/2fb55b416c7bf986947c6b4b227d49aa"},"headline":"T\u00e2rg de adop\u0163ii pentru c\u00e2ini","datePublished":"2022-10-10T17:31:31+00:00","dateModified":"2022-10-12T08:19:38+00:00","mainEntityOfPage":{"@id":"https:\/\/primariamoldovanoua.ro\/index.php\/2022\/10\/10\/targ-de-adoptii-pentru-caini\/"},"wordCount":153,"commentCount":0,"publisher":{"@id":"https:\/\/primariamoldovanoua.ro\/#organization"},"image":{"@id":"https:\/\/primariamoldovanoua.ro\/index.php\/2022\/10\/10\/targ-de-adoptii-pentru-caini\/#primaryimage"},"thumbnailUrl":"https:\/\/primariamoldovanoua.ro\/wp-content\/uploads\/2022\/09\/8.jpg","articleSection":["Evenimente"],"inLanguage":"en-US","potentialAction":[{"@type":"CommentAction","name":"Comment","target":["https:\/\/primariamoldovanoua.ro\/index.php\/2022\/10\/10\/targ-de-adoptii-pentru-caini\/#respond"]}]},{"@type":"WebPage","@id":"https:\/\/primariamoldovanoua.ro\/index.php\/2022\/10\/10\/targ-de-adoptii-pentru-caini\/","url":"https:\/\/primariamoldovanoua.ro\/index.php\/2022\/10\/10\/targ-de-adoptii-pentru-caini\/","name":"T\u00e2rg de adop\u0163ii pentru c\u00e2ini - Prim\u0103riaMoldovaNou\u0103.ro","isPartOf":{"@id":"https:\/\/primariamoldovanoua.ro\/#website"},"primaryImageOfPage":{"@id":"https:\/\/primariamoldovanoua.ro\/index.php\/2022\/10\/10\/targ-de-adoptii-pentru-caini\/#primaryimage"},"image":{"@id":"https:\/\/primariamoldovanoua.ro\/index.php\/2022\/10\/10\/targ-de-adoptii-pentru-caini\/#primaryimage"},"thumbnailUrl":"https:\/\/primariamoldovanoua.ro\/wp-content\/uploads\/2022\/09\/8.jpg","datePublished":"2022-10-10T17:31:31+00:00","dateModified":"2022-10-12T08:19:38+00:00","breadcrumb":{"@id":"https:\/\/primariamoldovanoua.ro\/index.php\/2022\/10\/10\/targ-de-adoptii-pentru-caini\/#breadcrumb"},"inLanguage":"en-US","potentialAction":[{"@type":"ReadAction","target":["https:\/\/primariamoldovanoua.ro\/index.php\/2022\/10\/10\/targ-de-adoptii-pentru-caini\/"]}]},{"@type":"ImageObject","inLanguage":"en-US","@id":"https:\/\/primariamoldovanoua.ro\/index.php\/2022\/10\/10\/targ-de-adoptii-pentru-caini\/#primaryimage","url":"https:\/\/primariamoldovanoua.ro\/wp-content\/uploads\/2022\/09\/8.jpg","contentUrl":"https:\/\/primariamoldovanoua.ro\/wp-content\/uploads\/2022\/09\/8.jpg","width":2048,"height":1536},{"@type":"BreadcrumbList","@id":"https:\/\/primariamoldovanoua.ro\/index.php\/2022\/10\/10\/targ-de-adoptii-pentru-caini\/#breadcrumb","itemListElement":[{"@type":"ListItem","position":1,"name":"Home","item":"https:\/\/primariamoldovanoua.ro\/"},{"@type":"ListItem","position":2,"name":"T\u00e2rg de adop\u0163ii pentru c\u00e2ini"}]},{"@type":"WebSite","@id":"https:\/\/primariamoldovanoua.ro\/#website","url":"https:\/\/primariamoldovanoua.ro\/","name":"Prim\u0103riaMoldovaNou\u0103.ro","description":"Site-ul oficial al UAT Moldova Nou\u0103, jude\u0163ul Cara\u015f-Severin","publisher":{"@id":"https:\/\/primariamoldovanoua.ro\/#organization"},"potentialAction":[{"@type":"SearchAction","target":{"@type":"EntryPoint","urlTemplate":"https:\/\/primariamoldovanoua.ro\/?s={search_term_string}"},"query-input":{"@type":"PropertyValueSpecification","valueRequired":true,"valueName":"search_term_string"}}],"inLanguage":"en-US"},{"@type":"Organization","@id":"https:\/\/primariamoldovanoua.ro\/#organization","name":"Prim\u0103riaMoldovaNou\u0103.ro","url":"https:\/\/primariamoldovanoua.ro\/","logo":{"@type":"ImageObject","inLanguage":"en-US","@id":"https:\/\/primariamoldovanoua.ro\/#\/schema\/logo\/image\/","url":"https:\/\/primariamoldovanoua.ro\/wp-content\/uploads\/2021\/04\/cropped-Logo-Moldova-Noua-M-1.png","contentUrl":"https:\/\/primariamoldovanoua.ro\/wp-content\/uploads\/2021\/04\/cropped-Logo-Moldova-Noua-M-1.png","width":158,"height":250,"caption":"Prim\u0103riaMoldovaNou\u0103.ro"},"image":{"@id":"https:\/\/primariamoldovanoua.ro\/#\/schema\/logo\/image\/"}},{"@type":"Person","@id":"https:\/\/primariamoldovanoua.ro\/#\/schema\/person\/2fb55b416c7bf986947c6b4b227d49aa","name":"Prim\u0103ria Moldova Nou\u0103","image":{"@type":"ImageObject","inLanguage":"en-US","@id":"https:\/\/primariamoldovanoua.ro\/#\/schema\/person\/image\/","url":"https:\/\/secure.gravatar.com\/avatar\/b653bdd202f9fe88f5bd239d106a4eae4f6f75e6bf8d7fc0fc1042c8e25b444f?s=96&d=mm&r=g","contentUrl":"https:\/\/secure.gravatar.com\/avatar\/b653bdd202f9fe88f5bd239d106a4eae4f6f75e6bf8d7fc0fc1042c8e25b444f?s=96&d=mm&r=g","caption":"Prim\u0103ria Moldova Nou\u0103"},"url":"https:\/\/primariamoldovanoua.ro\/index.php\/author\/alin\/"}]}},"_links":{"self":[{"href":"https:\/\/primariamoldovanoua.ro\/index.php\/wp-json\/wp\/v2\/posts\/8200","targetHints":{"allow":["GET"]}}],"collection":[{"href":"https:\/\/primariamoldovanoua.ro\/index.php\/wp-json\/wp\/v2\/posts"}],"about":[{"href":"https:\/\/primariamoldovanoua.ro\/index.php\/wp-json\/wp\/v2\/types\/post"}],"author":[{"embeddable":true,"href":"https:\/\/primariamoldovanoua.ro\/index.php\/wp-json\/wp\/v2\/users\/3"}],"replies":[{"embeddable":true,"href":"https:\/\/primariamoldovanoua.ro\/index.php\/wp-json\/wp\/v2\/comments?post=8200"}],"version-history":[{"count":3,"href":"https:\/\/primariamoldovanoua.ro\/index.php\/wp-json\/wp\/v2\/posts\/8200\/revisions"}],"predecessor-version":[{"id":8246,"href":"https:\/\/primariamoldovanoua.ro\/index.php\/wp-json\/wp\/v2\/posts\/8200\/revisions\/8246"}],"wp:featuredmedia":[{"embeddable":true,"href":"https:\/\/primariamoldovanoua.ro\/index.php\/wp-json\/wp\/v2\/media\/8108"}],"wp:attachment":[{"href":"https:\/\/primariamoldovanoua.ro\/index.php\/wp-json\/wp\/v2\/media?parent=8200"}],"wp:term":[{"taxonomy":"category","embeddable":true,"href":"https:\/\/primariamoldovanoua.ro\/index.php\/wp-json\/wp\/v2\/categories?post=8200"},{"taxonomy":"post_tag","embeddable":true,"href":"https:\/\/primariamoldovanoua.ro\/index.php\/wp-json\/wp\/v2\/tags?post=8200"}],"curies":[{"name":"wp","href":"https:\/\/api.w.org\/{rel}","templated":true}]}}