{"id":9027,"date":"2023-05-22T17:32:21","date_gmt":"2023-05-22T15:32:21","guid":{"rendered":"https:\/\/primariamoldovanoua.ro\/?p=9027"},"modified":"2023-05-22T22:08:17","modified_gmt":"2023-05-22T20:08:17","slug":"festivalul-prieteniei-sub-semnul-interculturalitatii","status":"publish","type":"post","link":"https:\/\/primariamoldovanoua.ro\/index.php\/2023\/05\/22\/festivalul-prieteniei-sub-semnul-interculturalitatii\/","title":{"rendered":"&#8220;Festivalul prieteniei&#8221;, sub semnul interculturalit\u0103\u021bii"},"content":{"rendered":"\n<p>Sf\u00e2r\u0219itul s\u0103pt\u0103m\u00e2nii trecute a fost unul deosebit pentru copiii din Clisura Dun\u0103rii, de la Socol p\u00e2n\u0103 la Berzasca, ace\u0219tia av\u00e2nd ocazia s\u0103 demonstreze, la Sala de Sport a ora\u0219ului Moldova Nou\u0103, prin intermediul momentelor preg\u0103tite, c\u00e2t de mult conteaz\u0103 dialogul \u0219i interac\u021biunea \u00eentr-o societate pluralist\u0103, multicultural\u0103.<\/p>\n\n\n\n<p>\u00cencuraja\u021bi de edilul-\u0219ef al ora\u0219ului Moldova Nou\u0103, Ion Chis\u0103li\u021b\u0103, directorul Gr\u0103dini\u021bei cu Program Prelungit ,,Sf Stelian&#8221; Moldova Nou\u0103, Lavinia Alm\u0103jan, reprezentan\u021bi ai Liceului Tehnologic ,,Clisura Dun\u0103rii&#8221; Moldova Nou\u0103, Ani\u0219oara Georgevici, Inspectoratului \u0218colar Jude\u021bean Cara\u0219-Severin &#8211; Elena Pirtea &#8211; inspector pentru educa\u021bie timpurie, Casei Corpului Didactic Cara\u0219-Severin &#8211; Viorica Galben, unit\u0103\u021bilor de \u00eenv\u0103\u021b\u0103m\u00e2nt din Serbia: ,,Veljko Dugo\u0161evi\u0107&#8221; Brani\u010devo (cu predare de la ciclul pre\u0219colar p\u00e2n\u0103 la cel gimnazial), Gr\u0103dini\u021ba ,,Lasta&#8221; Golubac \u0219i, sigur, sus\u021binu\u021bi de p\u0103rin\u021bi \u0219i bunici, micu\u021bii din cadrul a 26 de grupe au reu\u0219it s\u0103 dep\u0103\u0219easc\u0103 emo\u021biile \u0219i s\u0103 \u00eenc\u00e2nte publicul cu fel \u0219i fel de momente, de la parade ale costumelor, tradi\u021bii \u0219i obiceiuri specifice minorit\u0103\u021bilor din zon\u0103, dansuri \u0219i c\u00e2ntece populare \u00een limba rom\u00e2n\u0103, ceh\u0103, german\u0103, s\u00e2rb\u0103, dansuri moderne, recitaluri de poezie \u015fi p\u00e2n\u0103 la piese de teatru precum: ,,Alb\u0103 ca Z\u0103pada \u0219i cei \u0219apte pitici&#8221; sau ,,Domnul Goe&#8221;.<\/p>\n\n\n\n<figure class=\"wp-block-gallery has-nested-images columns-default is-cropped wp-block-gallery-1 is-layout-flex wp-block-gallery-is-layout-flex\">\n<figure class=\"wp-block-image size-large\"><img fetchpriority=\"high\" decoding=\"async\" width=\"1024\" height=\"768\" data-id=\"9029\" src=\"https:\/\/primariamoldovanoua.ro\/wp-content\/uploads\/2023\/05\/1-1-1024x768.jpg\" alt=\"\" class=\"wp-image-9029\" srcset=\"https:\/\/primariamoldovanoua.ro\/wp-content\/uploads\/2023\/05\/1-1-1024x768.jpg 1024w, https:\/\/primariamoldovanoua.ro\/wp-content\/uploads\/2023\/05\/1-1-300x225.jpg 300w, https:\/\/primariamoldovanoua.ro\/wp-content\/uploads\/2023\/05\/1-1-768x576.jpg 768w, https:\/\/primariamoldovanoua.ro\/wp-content\/uploads\/2023\/05\/1-1-1536x1152.jpg 1536w, https:\/\/primariamoldovanoua.ro\/wp-content\/uploads\/2023\/05\/1-1.jpg 1824w\" sizes=\"(max-width: 1024px) 100vw, 1024px\" \/><\/figure>\n\n\n\n<figure class=\"wp-block-image size-large\"><img decoding=\"async\" width=\"1024\" height=\"768\" data-id=\"9032\" src=\"https:\/\/primariamoldovanoua.ro\/wp-content\/uploads\/2023\/05\/2-1-1024x768.jpg\" alt=\"\" class=\"wp-image-9032\" srcset=\"https:\/\/primariamoldovanoua.ro\/wp-content\/uploads\/2023\/05\/2-1-1024x768.jpg 1024w, https:\/\/primariamoldovanoua.ro\/wp-content\/uploads\/2023\/05\/2-1-300x225.jpg 300w, https:\/\/primariamoldovanoua.ro\/wp-content\/uploads\/2023\/05\/2-1-768x576.jpg 768w, https:\/\/primariamoldovanoua.ro\/wp-content\/uploads\/2023\/05\/2-1-1536x1152.jpg 1536w, https:\/\/primariamoldovanoua.ro\/wp-content\/uploads\/2023\/05\/2-1.jpg 1824w\" sizes=\"(max-width: 1024px) 100vw, 1024px\" \/><\/figure>\n\n\n\n<figure class=\"wp-block-image size-large\"><img decoding=\"async\" width=\"1024\" height=\"768\" data-id=\"9034\" src=\"https:\/\/primariamoldovanoua.ro\/wp-content\/uploads\/2023\/05\/3-1-1024x768.jpg\" alt=\"\" class=\"wp-image-9034\" srcset=\"https:\/\/primariamoldovanoua.ro\/wp-content\/uploads\/2023\/05\/3-1-1024x768.jpg 1024w, https:\/\/primariamoldovanoua.ro\/wp-content\/uploads\/2023\/05\/3-1-300x225.jpg 300w, https:\/\/primariamoldovanoua.ro\/wp-content\/uploads\/2023\/05\/3-1-768x576.jpg 768w, https:\/\/primariamoldovanoua.ro\/wp-content\/uploads\/2023\/05\/3-1-1536x1152.jpg 1536w, https:\/\/primariamoldovanoua.ro\/wp-content\/uploads\/2023\/05\/3-1.jpg 1824w\" sizes=\"(max-width: 1024px) 100vw, 1024px\" \/><\/figure>\n\n\n\n<figure class=\"wp-block-image size-large\"><img loading=\"lazy\" decoding=\"async\" width=\"1024\" height=\"768\" data-id=\"9042\" src=\"https:\/\/primariamoldovanoua.ro\/wp-content\/uploads\/2023\/05\/4-1-1024x768.jpg\" alt=\"\" class=\"wp-image-9042\" srcset=\"https:\/\/primariamoldovanoua.ro\/wp-content\/uploads\/2023\/05\/4-1-1024x768.jpg 1024w, https:\/\/primariamoldovanoua.ro\/wp-content\/uploads\/2023\/05\/4-1-300x225.jpg 300w, https:\/\/primariamoldovanoua.ro\/wp-content\/uploads\/2023\/05\/4-1-768x576.jpg 768w, https:\/\/primariamoldovanoua.ro\/wp-content\/uploads\/2023\/05\/4-1-1536x1152.jpg 1536w, https:\/\/primariamoldovanoua.ro\/wp-content\/uploads\/2023\/05\/4-1.jpg 1824w\" sizes=\"(max-width: 1024px) 100vw, 1024px\" \/><\/figure>\n\n\n\n<figure class=\"wp-block-image size-large\"><img loading=\"lazy\" decoding=\"async\" width=\"1024\" height=\"768\" data-id=\"9049\" src=\"https:\/\/primariamoldovanoua.ro\/wp-content\/uploads\/2023\/05\/5-1-1024x768.jpg\" alt=\"\" class=\"wp-image-9049\" srcset=\"https:\/\/primariamoldovanoua.ro\/wp-content\/uploads\/2023\/05\/5-1-1024x768.jpg 1024w, https:\/\/primariamoldovanoua.ro\/wp-content\/uploads\/2023\/05\/5-1-300x225.jpg 300w, https:\/\/primariamoldovanoua.ro\/wp-content\/uploads\/2023\/05\/5-1-768x576.jpg 768w, https:\/\/primariamoldovanoua.ro\/wp-content\/uploads\/2023\/05\/5-1-1536x1152.jpg 1536w, https:\/\/primariamoldovanoua.ro\/wp-content\/uploads\/2023\/05\/5-1.jpg 1824w\" sizes=\"(max-width: 1024px) 100vw, 1024px\" \/><\/figure>\n\n\n\n<figure class=\"wp-block-image size-large\"><img loading=\"lazy\" decoding=\"async\" width=\"1024\" height=\"768\" data-id=\"9035\" src=\"https:\/\/primariamoldovanoua.ro\/wp-content\/uploads\/2023\/05\/6-1-1024x768.jpg\" alt=\"\" class=\"wp-image-9035\" srcset=\"https:\/\/primariamoldovanoua.ro\/wp-content\/uploads\/2023\/05\/6-1-1024x768.jpg 1024w, https:\/\/primariamoldovanoua.ro\/wp-content\/uploads\/2023\/05\/6-1-300x225.jpg 300w, https:\/\/primariamoldovanoua.ro\/wp-content\/uploads\/2023\/05\/6-1-768x576.jpg 768w, https:\/\/primariamoldovanoua.ro\/wp-content\/uploads\/2023\/05\/6-1-1536x1152.jpg 1536w, https:\/\/primariamoldovanoua.ro\/wp-content\/uploads\/2023\/05\/6-1.jpg 1824w\" sizes=\"(max-width: 1024px) 100vw, 1024px\" \/><\/figure>\n\n\n\n<figure class=\"wp-block-image size-large\"><img loading=\"lazy\" decoding=\"async\" width=\"1024\" height=\"768\" data-id=\"9028\" src=\"https:\/\/primariamoldovanoua.ro\/wp-content\/uploads\/2023\/05\/7-1-1024x768.jpg\" alt=\"\" class=\"wp-image-9028\" srcset=\"https:\/\/primariamoldovanoua.ro\/wp-content\/uploads\/2023\/05\/7-1-1024x768.jpg 1024w, https:\/\/primariamoldovanoua.ro\/wp-content\/uploads\/2023\/05\/7-1-300x225.jpg 300w, https:\/\/primariamoldovanoua.ro\/wp-content\/uploads\/2023\/05\/7-1-768x576.jpg 768w, https:\/\/primariamoldovanoua.ro\/wp-content\/uploads\/2023\/05\/7-1-1536x1152.jpg 1536w, https:\/\/primariamoldovanoua.ro\/wp-content\/uploads\/2023\/05\/7-1.jpg 1824w\" sizes=\"(max-width: 1024px) 100vw, 1024px\" \/><\/figure>\n\n\n\n<figure class=\"wp-block-image size-large\"><img loading=\"lazy\" decoding=\"async\" width=\"1024\" height=\"768\" data-id=\"9030\" src=\"https:\/\/primariamoldovanoua.ro\/wp-content\/uploads\/2023\/05\/8-1-1024x768.jpg\" alt=\"\" class=\"wp-image-9030\" srcset=\"https:\/\/primariamoldovanoua.ro\/wp-content\/uploads\/2023\/05\/8-1-1024x768.jpg 1024w, https:\/\/primariamoldovanoua.ro\/wp-content\/uploads\/2023\/05\/8-1-300x225.jpg 300w, https:\/\/primariamoldovanoua.ro\/wp-content\/uploads\/2023\/05\/8-1-768x576.jpg 768w, https:\/\/primariamoldovanoua.ro\/wp-content\/uploads\/2023\/05\/8-1-1536x1152.jpg 1536w, https:\/\/primariamoldovanoua.ro\/wp-content\/uploads\/2023\/05\/8-1.jpg 1824w\" sizes=\"(max-width: 1024px) 100vw, 1024px\" \/><\/figure>\n\n\n\n<figure class=\"wp-block-image size-large\"><img loading=\"lazy\" decoding=\"async\" width=\"1024\" height=\"768\" data-id=\"9033\" src=\"https:\/\/primariamoldovanoua.ro\/wp-content\/uploads\/2023\/05\/9-1-1024x768.jpg\" alt=\"\" class=\"wp-image-9033\" srcset=\"https:\/\/primariamoldovanoua.ro\/wp-content\/uploads\/2023\/05\/9-1-1024x768.jpg 1024w, https:\/\/primariamoldovanoua.ro\/wp-content\/uploads\/2023\/05\/9-1-300x225.jpg 300w, https:\/\/primariamoldovanoua.ro\/wp-content\/uploads\/2023\/05\/9-1-768x576.jpg 768w, https:\/\/primariamoldovanoua.ro\/wp-content\/uploads\/2023\/05\/9-1-1536x1152.jpg 1536w, https:\/\/primariamoldovanoua.ro\/wp-content\/uploads\/2023\/05\/9-1.jpg 1824w\" sizes=\"(max-width: 1024px) 100vw, 1024px\" \/><\/figure>\n\n\n\n<figure class=\"wp-block-image size-large\"><img loading=\"lazy\" decoding=\"async\" width=\"1024\" height=\"768\" data-id=\"9037\" src=\"https:\/\/primariamoldovanoua.ro\/wp-content\/uploads\/2023\/05\/10-1-1024x768.jpg\" alt=\"\" class=\"wp-image-9037\" srcset=\"https:\/\/primariamoldovanoua.ro\/wp-content\/uploads\/2023\/05\/10-1-1024x768.jpg 1024w, https:\/\/primariamoldovanoua.ro\/wp-content\/uploads\/2023\/05\/10-1-300x225.jpg 300w, https:\/\/primariamoldovanoua.ro\/wp-content\/uploads\/2023\/05\/10-1-768x576.jpg 768w, https:\/\/primariamoldovanoua.ro\/wp-content\/uploads\/2023\/05\/10-1-1536x1152.jpg 1536w, https:\/\/primariamoldovanoua.ro\/wp-content\/uploads\/2023\/05\/10-1.jpg 1824w\" sizes=\"(max-width: 1024px) 100vw, 1024px\" \/><\/figure>\n\n\n\n<figure class=\"wp-block-image size-large\"><img loading=\"lazy\" decoding=\"async\" width=\"1024\" height=\"768\" data-id=\"9036\" src=\"https:\/\/primariamoldovanoua.ro\/wp-content\/uploads\/2023\/05\/11-1-1024x768.jpg\" alt=\"\" class=\"wp-image-9036\" srcset=\"https:\/\/primariamoldovanoua.ro\/wp-content\/uploads\/2023\/05\/11-1-1024x768.jpg 1024w, https:\/\/primariamoldovanoua.ro\/wp-content\/uploads\/2023\/05\/11-1-300x225.jpg 300w, https:\/\/primariamoldovanoua.ro\/wp-content\/uploads\/2023\/05\/11-1-768x576.jpg 768w, https:\/\/primariamoldovanoua.ro\/wp-content\/uploads\/2023\/05\/11-1-1536x1152.jpg 1536w, https:\/\/primariamoldovanoua.ro\/wp-content\/uploads\/2023\/05\/11-1.jpg 1824w\" sizes=\"(max-width: 1024px) 100vw, 1024px\" \/><\/figure>\n\n\n\n<figure class=\"wp-block-image size-large\"><img loading=\"lazy\" decoding=\"async\" width=\"1024\" height=\"768\" data-id=\"9031\" src=\"https:\/\/primariamoldovanoua.ro\/wp-content\/uploads\/2023\/05\/12-1-1024x768.jpg\" alt=\"\" class=\"wp-image-9031\" srcset=\"https:\/\/primariamoldovanoua.ro\/wp-content\/uploads\/2023\/05\/12-1-1024x768.jpg 1024w, https:\/\/primariamoldovanoua.ro\/wp-content\/uploads\/2023\/05\/12-1-300x225.jpg 300w, https:\/\/primariamoldovanoua.ro\/wp-content\/uploads\/2023\/05\/12-1-768x576.jpg 768w, https:\/\/primariamoldovanoua.ro\/wp-content\/uploads\/2023\/05\/12-1-1536x1152.jpg 1536w, https:\/\/primariamoldovanoua.ro\/wp-content\/uploads\/2023\/05\/12-1.jpg 1824w\" sizes=\"(max-width: 1024px) 100vw, 1024px\" \/><\/figure>\n\n\n\n<figure class=\"wp-block-image size-large\"><img loading=\"lazy\" decoding=\"async\" width=\"1024\" height=\"768\" data-id=\"9057\" src=\"https:\/\/primariamoldovanoua.ro\/wp-content\/uploads\/2023\/05\/13-1-1024x768.jpg\" alt=\"\" class=\"wp-image-9057\" srcset=\"https:\/\/primariamoldovanoua.ro\/wp-content\/uploads\/2023\/05\/13-1-1024x768.jpg 1024w, https:\/\/primariamoldovanoua.ro\/wp-content\/uploads\/2023\/05\/13-1-300x225.jpg 300w, https:\/\/primariamoldovanoua.ro\/wp-content\/uploads\/2023\/05\/13-1-768x576.jpg 768w, https:\/\/primariamoldovanoua.ro\/wp-content\/uploads\/2023\/05\/13-1-1536x1152.jpg 1536w, https:\/\/primariamoldovanoua.ro\/wp-content\/uploads\/2023\/05\/13-1.jpg 1824w\" sizes=\"(max-width: 1024px) 100vw, 1024px\" \/><\/figure>\n\n\n\n<figure class=\"wp-block-image size-large\"><img loading=\"lazy\" decoding=\"async\" width=\"1024\" height=\"512\" data-id=\"9059\" src=\"https:\/\/primariamoldovanoua.ro\/wp-content\/uploads\/2023\/05\/14-1-1024x512.jpg\" alt=\"\" class=\"wp-image-9059\" srcset=\"https:\/\/primariamoldovanoua.ro\/wp-content\/uploads\/2023\/05\/14-1-1024x512.jpg 1024w, https:\/\/primariamoldovanoua.ro\/wp-content\/uploads\/2023\/05\/14-1-300x150.jpg 300w, https:\/\/primariamoldovanoua.ro\/wp-content\/uploads\/2023\/05\/14-1-768x384.jpg 768w, https:\/\/primariamoldovanoua.ro\/wp-content\/uploads\/2023\/05\/14-1-1536x768.jpg 1536w, https:\/\/primariamoldovanoua.ro\/wp-content\/uploads\/2023\/05\/14-1.jpg 1824w\" sizes=\"(max-width: 1024px) 100vw, 1024px\" \/><\/figure>\n\n\n\n<figure class=\"wp-block-image size-large\"><img loading=\"lazy\" decoding=\"async\" width=\"1024\" height=\"512\" data-id=\"9045\" src=\"https:\/\/primariamoldovanoua.ro\/wp-content\/uploads\/2023\/05\/15-1-1024x512.jpg\" alt=\"\" class=\"wp-image-9045\" srcset=\"https:\/\/primariamoldovanoua.ro\/wp-content\/uploads\/2023\/05\/15-1-1024x512.jpg 1024w, https:\/\/primariamoldovanoua.ro\/wp-content\/uploads\/2023\/05\/15-1-300x150.jpg 300w, https:\/\/primariamoldovanoua.ro\/wp-content\/uploads\/2023\/05\/15-1-768x384.jpg 768w, https:\/\/primariamoldovanoua.ro\/wp-content\/uploads\/2023\/05\/15-1-1536x768.jpg 1536w, https:\/\/primariamoldovanoua.ro\/wp-content\/uploads\/2023\/05\/15-1.jpg 1824w\" sizes=\"(max-width: 1024px) 100vw, 1024px\" \/><\/figure>\n\n\n\n<figure class=\"wp-block-image size-large\"><img loading=\"lazy\" decoding=\"async\" width=\"1024\" height=\"768\" data-id=\"9040\" src=\"https:\/\/primariamoldovanoua.ro\/wp-content\/uploads\/2023\/05\/16-1-1024x768.jpg\" alt=\"\" class=\"wp-image-9040\" srcset=\"https:\/\/primariamoldovanoua.ro\/wp-content\/uploads\/2023\/05\/16-1-1024x768.jpg 1024w, https:\/\/primariamoldovanoua.ro\/wp-content\/uploads\/2023\/05\/16-1-300x225.jpg 300w, https:\/\/primariamoldovanoua.ro\/wp-content\/uploads\/2023\/05\/16-1-768x576.jpg 768w, https:\/\/primariamoldovanoua.ro\/wp-content\/uploads\/2023\/05\/16-1-1536x1152.jpg 1536w, https:\/\/primariamoldovanoua.ro\/wp-content\/uploads\/2023\/05\/16-1.jpg 1824w\" sizes=\"(max-width: 1024px) 100vw, 1024px\" \/><\/figure>\n\n\n\n<figure class=\"wp-block-image size-large\"><img loading=\"lazy\" decoding=\"async\" width=\"1024\" height=\"768\" data-id=\"9043\" src=\"https:\/\/primariamoldovanoua.ro\/wp-content\/uploads\/2023\/05\/17-1-1024x768.jpg\" alt=\"\" class=\"wp-image-9043\" srcset=\"https:\/\/primariamoldovanoua.ro\/wp-content\/uploads\/2023\/05\/17-1-1024x768.jpg 1024w, https:\/\/primariamoldovanoua.ro\/wp-content\/uploads\/2023\/05\/17-1-300x225.jpg 300w, https:\/\/primariamoldovanoua.ro\/wp-content\/uploads\/2023\/05\/17-1-768x576.jpg 768w, https:\/\/primariamoldovanoua.ro\/wp-content\/uploads\/2023\/05\/17-1-1536x1152.jpg 1536w, https:\/\/primariamoldovanoua.ro\/wp-content\/uploads\/2023\/05\/17-1.jpg 1824w\" sizes=\"(max-width: 1024px) 100vw, 1024px\" \/><\/figure>\n\n\n\n<figure class=\"wp-block-image size-large\"><img loading=\"lazy\" decoding=\"async\" width=\"1024\" height=\"768\" data-id=\"9038\" src=\"https:\/\/primariamoldovanoua.ro\/wp-content\/uploads\/2023\/05\/18-1024x768.jpg\" alt=\"\" class=\"wp-image-9038\" srcset=\"https:\/\/primariamoldovanoua.ro\/wp-content\/uploads\/2023\/05\/18-1024x768.jpg 1024w, https:\/\/primariamoldovanoua.ro\/wp-content\/uploads\/2023\/05\/18-300x225.jpg 300w, https:\/\/primariamoldovanoua.ro\/wp-content\/uploads\/2023\/05\/18-768x576.jpg 768w, https:\/\/primariamoldovanoua.ro\/wp-content\/uploads\/2023\/05\/18-1536x1152.jpg 1536w, https:\/\/primariamoldovanoua.ro\/wp-content\/uploads\/2023\/05\/18.jpg 1824w\" sizes=\"(max-width: 1024px) 100vw, 1024px\" \/><\/figure>\n\n\n\n<figure class=\"wp-block-image size-large\"><img loading=\"lazy\" decoding=\"async\" width=\"1024\" height=\"768\" data-id=\"9061\" src=\"https:\/\/primariamoldovanoua.ro\/wp-content\/uploads\/2023\/05\/19-1024x768.jpg\" alt=\"\" class=\"wp-image-9061\" srcset=\"https:\/\/primariamoldovanoua.ro\/wp-content\/uploads\/2023\/05\/19-1024x768.jpg 1024w, https:\/\/primariamoldovanoua.ro\/wp-content\/uploads\/2023\/05\/19-300x225.jpg 300w, https:\/\/primariamoldovanoua.ro\/wp-content\/uploads\/2023\/05\/19-768x576.jpg 768w, https:\/\/primariamoldovanoua.ro\/wp-content\/uploads\/2023\/05\/19-1536x1152.jpg 1536w, https:\/\/primariamoldovanoua.ro\/wp-content\/uploads\/2023\/05\/19.jpg 1824w\" sizes=\"(max-width: 1024px) 100vw, 1024px\" \/><\/figure>\n\n\n\n<figure class=\"wp-block-image size-large\"><img loading=\"lazy\" decoding=\"async\" width=\"1024\" height=\"768\" data-id=\"9052\" src=\"https:\/\/primariamoldovanoua.ro\/wp-content\/uploads\/2023\/05\/20-1024x768.jpg\" alt=\"\" class=\"wp-image-9052\" srcset=\"https:\/\/primariamoldovanoua.ro\/wp-content\/uploads\/2023\/05\/20-1024x768.jpg 1024w, https:\/\/primariamoldovanoua.ro\/wp-content\/uploads\/2023\/05\/20-300x225.jpg 300w, https:\/\/primariamoldovanoua.ro\/wp-content\/uploads\/2023\/05\/20-768x576.jpg 768w, https:\/\/primariamoldovanoua.ro\/wp-content\/uploads\/2023\/05\/20-1536x1152.jpg 1536w, https:\/\/primariamoldovanoua.ro\/wp-content\/uploads\/2023\/05\/20.jpg 1824w\" sizes=\"(max-width: 1024px) 100vw, 1024px\" \/><\/figure>\n\n\n\n<figure class=\"wp-block-image size-large\"><img loading=\"lazy\" decoding=\"async\" width=\"1024\" height=\"768\" data-id=\"9050\" src=\"https:\/\/primariamoldovanoua.ro\/wp-content\/uploads\/2023\/05\/21-1024x768.jpg\" alt=\"\" class=\"wp-image-9050\" srcset=\"https:\/\/primariamoldovanoua.ro\/wp-content\/uploads\/2023\/05\/21-1024x768.jpg 1024w, https:\/\/primariamoldovanoua.ro\/wp-content\/uploads\/2023\/05\/21-300x225.jpg 300w, https:\/\/primariamoldovanoua.ro\/wp-content\/uploads\/2023\/05\/21-768x576.jpg 768w, https:\/\/primariamoldovanoua.ro\/wp-content\/uploads\/2023\/05\/21-1536x1152.jpg 1536w, https:\/\/primariamoldovanoua.ro\/wp-content\/uploads\/2023\/05\/21.jpg 1824w\" sizes=\"(max-width: 1024px) 100vw, 1024px\" \/><\/figure>\n\n\n\n<figure class=\"wp-block-image size-large\"><img loading=\"lazy\" decoding=\"async\" width=\"1024\" height=\"768\" data-id=\"9062\" src=\"https:\/\/primariamoldovanoua.ro\/wp-content\/uploads\/2023\/05\/22-1024x768.jpg\" alt=\"\" class=\"wp-image-9062\" srcset=\"https:\/\/primariamoldovanoua.ro\/wp-content\/uploads\/2023\/05\/22-1024x768.jpg 1024w, https:\/\/primariamoldovanoua.ro\/wp-content\/uploads\/2023\/05\/22-300x225.jpg 300w, https:\/\/primariamoldovanoua.ro\/wp-content\/uploads\/2023\/05\/22-768x576.jpg 768w, https:\/\/primariamoldovanoua.ro\/wp-content\/uploads\/2023\/05\/22-1536x1152.jpg 1536w, https:\/\/primariamoldovanoua.ro\/wp-content\/uploads\/2023\/05\/22.jpg 1824w\" sizes=\"(max-width: 1024px) 100vw, 1024px\" \/><\/figure>\n\n\n\n<figure class=\"wp-block-image size-large\"><img loading=\"lazy\" decoding=\"async\" width=\"1024\" height=\"768\" data-id=\"9056\" src=\"https:\/\/primariamoldovanoua.ro\/wp-content\/uploads\/2023\/05\/23-1024x768.jpg\" alt=\"\" class=\"wp-image-9056\" srcset=\"https:\/\/primariamoldovanoua.ro\/wp-content\/uploads\/2023\/05\/23-1024x768.jpg 1024w, https:\/\/primariamoldovanoua.ro\/wp-content\/uploads\/2023\/05\/23-300x225.jpg 300w, https:\/\/primariamoldovanoua.ro\/wp-content\/uploads\/2023\/05\/23-768x576.jpg 768w, https:\/\/primariamoldovanoua.ro\/wp-content\/uploads\/2023\/05\/23-1536x1152.jpg 1536w, https:\/\/primariamoldovanoua.ro\/wp-content\/uploads\/2023\/05\/23.jpg 1824w\" sizes=\"(max-width: 1024px) 100vw, 1024px\" \/><\/figure>\n\n\n\n<figure class=\"wp-block-image size-large\"><img loading=\"lazy\" decoding=\"async\" width=\"1024\" height=\"768\" data-id=\"9063\" src=\"https:\/\/primariamoldovanoua.ro\/wp-content\/uploads\/2023\/05\/24-1024x768.jpg\" alt=\"\" class=\"wp-image-9063\" srcset=\"https:\/\/primariamoldovanoua.ro\/wp-content\/uploads\/2023\/05\/24-1024x768.jpg 1024w, https:\/\/primariamoldovanoua.ro\/wp-content\/uploads\/2023\/05\/24-300x225.jpg 300w, https:\/\/primariamoldovanoua.ro\/wp-content\/uploads\/2023\/05\/24-768x576.jpg 768w, https:\/\/primariamoldovanoua.ro\/wp-content\/uploads\/2023\/05\/24-1536x1152.jpg 1536w, https:\/\/primariamoldovanoua.ro\/wp-content\/uploads\/2023\/05\/24.jpg 1824w\" sizes=\"(max-width: 1024px) 100vw, 1024px\" \/><\/figure>\n\n\n\n<figure class=\"wp-block-image size-large\"><img loading=\"lazy\" decoding=\"async\" width=\"1024\" height=\"768\" data-id=\"9046\" src=\"https:\/\/primariamoldovanoua.ro\/wp-content\/uploads\/2023\/05\/25-1024x768.jpg\" alt=\"\" class=\"wp-image-9046\" srcset=\"https:\/\/primariamoldovanoua.ro\/wp-content\/uploads\/2023\/05\/25-1024x768.jpg 1024w, https:\/\/primariamoldovanoua.ro\/wp-content\/uploads\/2023\/05\/25-300x225.jpg 300w, https:\/\/primariamoldovanoua.ro\/wp-content\/uploads\/2023\/05\/25-768x576.jpg 768w, https:\/\/primariamoldovanoua.ro\/wp-content\/uploads\/2023\/05\/25-1536x1152.jpg 1536w, https:\/\/primariamoldovanoua.ro\/wp-content\/uploads\/2023\/05\/25.jpg 1824w\" sizes=\"(max-width: 1024px) 100vw, 1024px\" \/><\/figure>\n\n\n\n<figure class=\"wp-block-image size-large\"><img loading=\"lazy\" decoding=\"async\" width=\"1024\" height=\"768\" data-id=\"9058\" src=\"https:\/\/primariamoldovanoua.ro\/wp-content\/uploads\/2023\/05\/26-1024x768.jpg\" alt=\"\" class=\"wp-image-9058\" srcset=\"https:\/\/primariamoldovanoua.ro\/wp-content\/uploads\/2023\/05\/26-1024x768.jpg 1024w, https:\/\/primariamoldovanoua.ro\/wp-content\/uploads\/2023\/05\/26-300x225.jpg 300w, https:\/\/primariamoldovanoua.ro\/wp-content\/uploads\/2023\/05\/26-768x576.jpg 768w, https:\/\/primariamoldovanoua.ro\/wp-content\/uploads\/2023\/05\/26-1536x1152.jpg 1536w, https:\/\/primariamoldovanoua.ro\/wp-content\/uploads\/2023\/05\/26.jpg 1824w\" sizes=\"(max-width: 1024px) 100vw, 1024px\" \/><\/figure>\n\n\n\n<figure class=\"wp-block-image size-large\"><img loading=\"lazy\" decoding=\"async\" width=\"1024\" height=\"768\" data-id=\"9048\" src=\"https:\/\/primariamoldovanoua.ro\/wp-content\/uploads\/2023\/05\/27-1024x768.jpg\" alt=\"\" class=\"wp-image-9048\" srcset=\"https:\/\/primariamoldovanoua.ro\/wp-content\/uploads\/2023\/05\/27-1024x768.jpg 1024w, https:\/\/primariamoldovanoua.ro\/wp-content\/uploads\/2023\/05\/27-300x225.jpg 300w, https:\/\/primariamoldovanoua.ro\/wp-content\/uploads\/2023\/05\/27-768x576.jpg 768w, https:\/\/primariamoldovanoua.ro\/wp-content\/uploads\/2023\/05\/27-1536x1152.jpg 1536w, https:\/\/primariamoldovanoua.ro\/wp-content\/uploads\/2023\/05\/27.jpg 1824w\" sizes=\"(max-width: 1024px) 100vw, 1024px\" \/><\/figure>\n\n\n\n<figure class=\"wp-block-image size-large\"><img loading=\"lazy\" decoding=\"async\" width=\"1024\" height=\"768\" data-id=\"9053\" src=\"https:\/\/primariamoldovanoua.ro\/wp-content\/uploads\/2023\/05\/28-1024x768.jpg\" alt=\"\" class=\"wp-image-9053\" srcset=\"https:\/\/primariamoldovanoua.ro\/wp-content\/uploads\/2023\/05\/28-1024x768.jpg 1024w, https:\/\/primariamoldovanoua.ro\/wp-content\/uploads\/2023\/05\/28-300x225.jpg 300w, https:\/\/primariamoldovanoua.ro\/wp-content\/uploads\/2023\/05\/28-768x576.jpg 768w, https:\/\/primariamoldovanoua.ro\/wp-content\/uploads\/2023\/05\/28-1536x1152.jpg 1536w, https:\/\/primariamoldovanoua.ro\/wp-content\/uploads\/2023\/05\/28.jpg 1824w\" sizes=\"(max-width: 1024px) 100vw, 1024px\" \/><\/figure>\n\n\n\n<figure class=\"wp-block-image size-large\"><img loading=\"lazy\" decoding=\"async\" width=\"1024\" height=\"768\" data-id=\"9041\" src=\"https:\/\/primariamoldovanoua.ro\/wp-content\/uploads\/2023\/05\/29-1024x768.jpg\" alt=\"\" class=\"wp-image-9041\" srcset=\"https:\/\/primariamoldovanoua.ro\/wp-content\/uploads\/2023\/05\/29-1024x768.jpg 1024w, https:\/\/primariamoldovanoua.ro\/wp-content\/uploads\/2023\/05\/29-300x225.jpg 300w, https:\/\/primariamoldovanoua.ro\/wp-content\/uploads\/2023\/05\/29-768x576.jpg 768w, https:\/\/primariamoldovanoua.ro\/wp-content\/uploads\/2023\/05\/29-1536x1152.jpg 1536w, https:\/\/primariamoldovanoua.ro\/wp-content\/uploads\/2023\/05\/29.jpg 1824w\" sizes=\"(max-width: 1024px) 100vw, 1024px\" \/><\/figure>\n\n\n\n<figure class=\"wp-block-image size-large\"><img loading=\"lazy\" decoding=\"async\" width=\"1024\" height=\"768\" data-id=\"9060\" src=\"https:\/\/primariamoldovanoua.ro\/wp-content\/uploads\/2023\/05\/30-1024x768.jpg\" alt=\"\" class=\"wp-image-9060\" srcset=\"https:\/\/primariamoldovanoua.ro\/wp-content\/uploads\/2023\/05\/30-1024x768.jpg 1024w, https:\/\/primariamoldovanoua.ro\/wp-content\/uploads\/2023\/05\/30-300x225.jpg 300w, https:\/\/primariamoldovanoua.ro\/wp-content\/uploads\/2023\/05\/30-768x576.jpg 768w, https:\/\/primariamoldovanoua.ro\/wp-content\/uploads\/2023\/05\/30-1536x1152.jpg 1536w, https:\/\/primariamoldovanoua.ro\/wp-content\/uploads\/2023\/05\/30.jpg 1824w\" sizes=\"(max-width: 1024px) 100vw, 1024px\" \/><\/figure>\n\n\n\n<figure class=\"wp-block-image size-large\"><img loading=\"lazy\" decoding=\"async\" width=\"1024\" height=\"768\" data-id=\"9044\" src=\"https:\/\/primariamoldovanoua.ro\/wp-content\/uploads\/2023\/05\/31-1024x768.jpg\" alt=\"\" class=\"wp-image-9044\" srcset=\"https:\/\/primariamoldovanoua.ro\/wp-content\/uploads\/2023\/05\/31-1024x768.jpg 1024w, https:\/\/primariamoldovanoua.ro\/wp-content\/uploads\/2023\/05\/31-300x225.jpg 300w, https:\/\/primariamoldovanoua.ro\/wp-content\/uploads\/2023\/05\/31-768x576.jpg 768w, https:\/\/primariamoldovanoua.ro\/wp-content\/uploads\/2023\/05\/31-1536x1152.jpg 1536w, https:\/\/primariamoldovanoua.ro\/wp-content\/uploads\/2023\/05\/31.jpg 1824w\" sizes=\"(max-width: 1024px) 100vw, 1024px\" \/><\/figure>\n\n\n\n<figure class=\"wp-block-image size-large\"><img loading=\"lazy\" decoding=\"async\" width=\"1024\" height=\"768\" data-id=\"9051\" src=\"https:\/\/primariamoldovanoua.ro\/wp-content\/uploads\/2023\/05\/32-1024x768.jpg\" alt=\"\" class=\"wp-image-9051\" srcset=\"https:\/\/primariamoldovanoua.ro\/wp-content\/uploads\/2023\/05\/32-1024x768.jpg 1024w, https:\/\/primariamoldovanoua.ro\/wp-content\/uploads\/2023\/05\/32-300x225.jpg 300w, https:\/\/primariamoldovanoua.ro\/wp-content\/uploads\/2023\/05\/32-768x576.jpg 768w, https:\/\/primariamoldovanoua.ro\/wp-content\/uploads\/2023\/05\/32-1536x1152.jpg 1536w, https:\/\/primariamoldovanoua.ro\/wp-content\/uploads\/2023\/05\/32.jpg 1824w\" sizes=\"(max-width: 1024px) 100vw, 1024px\" \/><\/figure>\n\n\n\n<figure class=\"wp-block-image size-large\"><img loading=\"lazy\" decoding=\"async\" width=\"1024\" height=\"768\" data-id=\"9039\" src=\"https:\/\/primariamoldovanoua.ro\/wp-content\/uploads\/2023\/05\/33-1024x768.jpg\" alt=\"\" class=\"wp-image-9039\" srcset=\"https:\/\/primariamoldovanoua.ro\/wp-content\/uploads\/2023\/05\/33-1024x768.jpg 1024w, https:\/\/primariamoldovanoua.ro\/wp-content\/uploads\/2023\/05\/33-300x225.jpg 300w, https:\/\/primariamoldovanoua.ro\/wp-content\/uploads\/2023\/05\/33-768x576.jpg 768w, https:\/\/primariamoldovanoua.ro\/wp-content\/uploads\/2023\/05\/33-1536x1152.jpg 1536w, https:\/\/primariamoldovanoua.ro\/wp-content\/uploads\/2023\/05\/33.jpg 1824w\" sizes=\"(max-width: 1024px) 100vw, 1024px\" \/><\/figure>\n\n\n\n<figure class=\"wp-block-image size-large\"><img loading=\"lazy\" decoding=\"async\" width=\"1024\" height=\"768\" data-id=\"9054\" src=\"https:\/\/primariamoldovanoua.ro\/wp-content\/uploads\/2023\/05\/34-1024x768.jpg\" alt=\"\" class=\"wp-image-9054\" srcset=\"https:\/\/primariamoldovanoua.ro\/wp-content\/uploads\/2023\/05\/34-1024x768.jpg 1024w, https:\/\/primariamoldovanoua.ro\/wp-content\/uploads\/2023\/05\/34-300x225.jpg 300w, https:\/\/primariamoldovanoua.ro\/wp-content\/uploads\/2023\/05\/34-768x576.jpg 768w, https:\/\/primariamoldovanoua.ro\/wp-content\/uploads\/2023\/05\/34-1536x1152.jpg 1536w, https:\/\/primariamoldovanoua.ro\/wp-content\/uploads\/2023\/05\/34.jpg 1824w\" sizes=\"(max-width: 1024px) 100vw, 1024px\" \/><\/figure>\n\n\n\n<figure class=\"wp-block-image size-large\"><img loading=\"lazy\" decoding=\"async\" width=\"1024\" height=\"768\" data-id=\"9055\" src=\"https:\/\/primariamoldovanoua.ro\/wp-content\/uploads\/2023\/05\/35-1024x768.jpg\" alt=\"\" class=\"wp-image-9055\" srcset=\"https:\/\/primariamoldovanoua.ro\/wp-content\/uploads\/2023\/05\/35-1024x768.jpg 1024w, https:\/\/primariamoldovanoua.ro\/wp-content\/uploads\/2023\/05\/35-300x225.jpg 300w, https:\/\/primariamoldovanoua.ro\/wp-content\/uploads\/2023\/05\/35-768x576.jpg 768w, https:\/\/primariamoldovanoua.ro\/wp-content\/uploads\/2023\/05\/35-1536x1152.jpg 1536w, https:\/\/primariamoldovanoua.ro\/wp-content\/uploads\/2023\/05\/35.jpg 1824w\" sizes=\"(max-width: 1024px) 100vw, 1024px\" \/><\/figure>\n\n\n\n<figure class=\"wp-block-image size-large\"><img loading=\"lazy\" decoding=\"async\" width=\"1024\" height=\"768\" data-id=\"9047\" src=\"https:\/\/primariamoldovanoua.ro\/wp-content\/uploads\/2023\/05\/36-1024x768.jpg\" alt=\"\" class=\"wp-image-9047\" srcset=\"https:\/\/primariamoldovanoua.ro\/wp-content\/uploads\/2023\/05\/36-1024x768.jpg 1024w, https:\/\/primariamoldovanoua.ro\/wp-content\/uploads\/2023\/05\/36-300x225.jpg 300w, https:\/\/primariamoldovanoua.ro\/wp-content\/uploads\/2023\/05\/36-768x576.jpg 768w, https:\/\/primariamoldovanoua.ro\/wp-content\/uploads\/2023\/05\/36-1536x1152.jpg 1536w, https:\/\/primariamoldovanoua.ro\/wp-content\/uploads\/2023\/05\/36.jpg 1824w\" sizes=\"(max-width: 1024px) 100vw, 1024px\" \/><\/figure>\n<\/figure>\n\n\n\n<p>,,Festivalului prieteniei&#8221; a fost o idee devenit\u0103 realitate gra\u021bie conlucr\u0103rii mai multor unit\u0103\u021bi de \u00eenv\u0103\u021b\u0103m\u00e2nt din Clisura Dun\u0103rii, fiecare av\u00e2nd mai multe grupe de copii. La edi\u021bia din acest an au participat:<\/p>\n\n\n\n<ul class=\"wp-block-list\">\n<li>Gr\u0103dini\u021ba cu Program Prelungit ,,Licuricii&#8221; Moldova Nou\u0103;<\/li>\n\n\n\n<li>Gr\u0103dini\u021ba cu Program Prelungit ,,Sf. Stelian&#8221; Moldova Nou\u0103;<\/li>\n\n\n\n<li>Gr\u0103dini\u021ba cu Program Normal ,, Raz\u0103 de Soare&#8221; Moldova Nou\u0103;<\/li>\n\n\n\n<li>Gr\u0103dini\u021ba Cre\u0219\u0103 Moldova Nou\u0103;<br>Gr\u0103dini\u021ba cu Program Normal ,,Sf. Sava&#8221; M\u0103ce\u0219ti;<\/li>\n\n\n\n<li>Gr\u0103dini\u021ba cu Program Prelungit ,,Nikola Gavrilovici&#8221; Moldova Veche;<\/li>\n\n\n\n<li>Gr\u0103dini\u021ba cu Program Normal C\u00e2mpia;<\/li>\n\n\n\n<li>Gr\u0103dini\u021ba cu Program Normal Socol;<\/li>\n\n\n\n<li>Gr\u0103dini\u021ba cu Program Normal Sf\u00e2nta Elena;<\/li>\n\n\n\n<li>Gr\u0103dini\u021ba cu Program Normal Sichevi\u021ba;<\/li>\n\n\n\n<li>Gr\u0103dini\u021ba cu Program Normal Gornea;<\/li>\n\n\n\n<li>Gr\u0103dini\u021ba cu Program Normal Pojejena;<\/li>\n\n\n\n<li>Gr\u0103dini\u021ba cu Program Normal Belobre\u0219ca;<\/li>\n\n\n\n<li>Gr\u0103dini\u021ba cu Program Normal Radimna;<\/li>\n\n\n\n<li>Liceul Tehnologic,,Clisura Dun\u0103rii&#8221; Moldova Nou\u0103.<\/li>\n<\/ul>\n\n\n\n<p>,,Festivalul prieteniei&#8221; din acest an a fost organizat de Prim\u0103ria \u0219i Consiliul Local Moldova Nou\u0103, Gr\u0103dini\u021ba cu Program Prelungit ,,Sf. Stelian&#8221; Moldova Nou\u0103, \u00een parteneriat cu Liceul Tehnologic ,,Clisura Dun\u0103rii&#8221; Moldova Nou\u0103, Inspectoratul \u0218colar Jude\u021bean \u0219i Casa Corpului Didactic. Acestui eveniment i s-au al\u0103turat delega\u021biile unit\u0103\u021bilor de \u00eenv\u0103\u021b\u0103m\u00e2nt din Serbia, totul \u00een baza protocolului de colaborare \u00eencheiat \u00eentre Prim\u0103ria Moldova Nou\u0103 \u0219i Prim\u0103ria Golubac (Serbia).<\/p>\n","protected":false},"excerpt":{"rendered":"<p>Sf\u00e2r\u0219itul s\u0103pt\u0103m\u00e2nii trecute a fost unul deosebit pentru copiii din Clisura Dun\u0103rii, de la Socol p\u00e2n\u0103 la Berzasca, ace\u0219tia av\u00e2nd ocazia s\u0103 demonstreze, la Sala de Sport a ora\u0219ului Moldova Nou\u0103, prin intermediul momentelor preg\u0103tite, c\u00e2t de mult conteaz\u0103 dialogul \u0219i interac\u021biunea \u00eentr-o societate pluralist\u0103, multicultural\u0103. \u00cencuraja\u021bi de edilul-\u0219ef al ora\u0219ului Moldova Nou\u0103, Ion Chis\u0103li\u021b\u0103, [&hellip;]<\/p>\n","protected":false},"author":3,"featured_media":9062,"comment_status":"closed","ping_status":"closed","sticky":false,"template":"","format":"standard","meta":{"site-sidebar-layout":"default","site-content-layout":"","ast-site-content-layout":"","site-content-style":"default","site-sidebar-style":"default","ast-global-header-display":"","ast-banner-title-visibility":"","ast-main-header-display":"","ast-hfb-above-header-display":"","ast-hfb-below-header-display":"","ast-hfb-mobile-header-display":"","site-post-title":"","ast-breadcrumbs-content":"","ast-featured-img":"","footer-sml-layout":"","theme-transparent-header-meta":"","adv-header-id-meta":"","stick-header-meta":"","header-above-stick-meta":"","header-main-stick-meta":"","header-below-stick-meta":"","astra-migrate-meta-layouts":"default","ast-page-background-enabled":"default","ast-page-background-meta":{"desktop":{"background-color":"","background-image":"","background-repeat":"repeat","background-position":"center center","background-size":"auto","background-attachment":"scroll","background-type":"","background-media":"","overlay-type":"","overlay-color":"","overlay-gradient":""},"tablet":{"background-color":"","background-image":"","background-repeat":"repeat","background-position":"center center","background-size":"auto","background-attachment":"scroll","background-type":"","background-media":"","overlay-type":"","overlay-color":"","overlay-gradient":""},"mobile":{"background-color":"","background-image":"","background-repeat":"repeat","background-position":"center center","background-size":"auto","background-attachment":"scroll","background-type":"","background-media":"","overlay-type":"","overlay-color":"","overlay-gradient":""}},"ast-content-background-meta":{"desktop":{"background-color":"var(--ast-global-color-5)","background-image":"","background-repeat":"repeat","background-position":"center center","background-size":"auto","background-attachment":"scroll","background-type":"","background-media":"","overlay-type":"","overlay-color":"","overlay-gradient":""},"tablet":{"background-color":"var(--ast-global-color-5)","background-image":"","background-repeat":"repeat","background-position":"center center","background-size":"auto","background-attachment":"scroll","background-type":"","background-media":"","overlay-type":"","overlay-color":"","overlay-gradient":""},"mobile":{"background-color":"var(--ast-global-color-5)","background-image":"","background-repeat":"repeat","background-position":"center center","background-size":"auto","background-attachment":"scroll","background-type":"","background-media":"","overlay-type":"","overlay-color":"","overlay-gradient":""}},"footnotes":""},"categories":[38],"tags":[],"class_list":["post-9027","post","type-post","status-publish","format-standard","has-post-thumbnail","hentry","category-stiri"],"yoast_head":"<!-- This site is optimized with the Yoast SEO plugin v27.0 - https:\/\/yoast.com\/product\/yoast-seo-wordpress\/ -->\n<title>&quot;Festivalul prieteniei&quot;, sub semnul interculturalit\u0103\u021bii - Prim\u0103riaMoldovaNou\u0103.ro<\/title>\n<meta name=\"robots\" content=\"index, follow, max-snippet:-1, max-image-preview:large, max-video-preview:-1\" \/>\n<link rel=\"canonical\" href=\"https:\/\/primariamoldovanoua.ro\/index.php\/2023\/05\/22\/festivalul-prieteniei-sub-semnul-interculturalitatii\/\" \/>\n<meta property=\"og:locale\" content=\"en_US\" \/>\n<meta property=\"og:type\" content=\"article\" \/>\n<meta property=\"og:title\" content=\"&quot;Festivalul prieteniei&quot;, sub semnul interculturalit\u0103\u021bii - Prim\u0103riaMoldovaNou\u0103.ro\" \/>\n<meta property=\"og:description\" content=\"Sf\u00e2r\u0219itul s\u0103pt\u0103m\u00e2nii trecute a fost unul deosebit pentru copiii din Clisura Dun\u0103rii, de la Socol p\u00e2n\u0103 la Berzasca, ace\u0219tia av\u00e2nd ocazia s\u0103 demonstreze, la Sala de Sport a ora\u0219ului Moldova Nou\u0103, prin intermediul momentelor preg\u0103tite, c\u00e2t de mult conteaz\u0103 dialogul \u0219i interac\u021biunea \u00eentr-o societate pluralist\u0103, multicultural\u0103. \u00cencuraja\u021bi de edilul-\u0219ef al ora\u0219ului Moldova Nou\u0103, Ion Chis\u0103li\u021b\u0103, [&hellip;]\" \/>\n<meta property=\"og:url\" content=\"https:\/\/primariamoldovanoua.ro\/index.php\/2023\/05\/22\/festivalul-prieteniei-sub-semnul-interculturalitatii\/\" \/>\n<meta property=\"og:site_name\" content=\"Prim\u0103riaMoldovaNou\u0103.ro\" \/>\n<meta property=\"article:published_time\" content=\"2023-05-22T15:32:21+00:00\" \/>\n<meta property=\"article:modified_time\" content=\"2023-05-22T20:08:17+00:00\" \/>\n<meta property=\"og:image\" content=\"https:\/\/primariamoldovanoua.ro\/wp-content\/uploads\/2023\/05\/22.jpg\" \/>\n\t<meta property=\"og:image:width\" content=\"1824\" \/>\n\t<meta property=\"og:image:height\" content=\"1368\" \/>\n\t<meta property=\"og:image:type\" content=\"image\/jpeg\" \/>\n<meta name=\"author\" content=\"Prim\u0103ria Moldova Nou\u0103\" \/>\n<meta name=\"twitter:card\" content=\"summary_large_image\" \/>\n<meta name=\"twitter:label1\" content=\"Written by\" \/>\n\t<meta name=\"twitter:data1\" content=\"Prim\u0103ria Moldova Nou\u0103\" \/>\n\t<meta name=\"twitter:label2\" content=\"Est. reading time\" \/>\n\t<meta name=\"twitter:data2\" content=\"9 minutes\" \/>\n<script type=\"application\/ld+json\" class=\"yoast-schema-graph\">{\"@context\":\"https:\/\/schema.org\",\"@graph\":[{\"@type\":\"Article\",\"@id\":\"https:\/\/primariamoldovanoua.ro\/index.php\/2023\/05\/22\/festivalul-prieteniei-sub-semnul-interculturalitatii\/#article\",\"isPartOf\":{\"@id\":\"https:\/\/primariamoldovanoua.ro\/index.php\/2023\/05\/22\/festivalul-prieteniei-sub-semnul-interculturalitatii\/\"},\"author\":{\"name\":\"Prim\u0103ria Moldova Nou\u0103\",\"@id\":\"https:\/\/primariamoldovanoua.ro\/#\/schema\/person\/2fb55b416c7bf986947c6b4b227d49aa\"},\"headline\":\"&#8220;Festivalul prieteniei&#8221;, sub semnul interculturalit\u0103\u021bii\",\"datePublished\":\"2023-05-22T15:32:21+00:00\",\"dateModified\":\"2023-05-22T20:08:17+00:00\",\"mainEntityOfPage\":{\"@id\":\"https:\/\/primariamoldovanoua.ro\/index.php\/2023\/05\/22\/festivalul-prieteniei-sub-semnul-interculturalitatii\/\"},\"wordCount\":488,\"publisher\":{\"@id\":\"https:\/\/primariamoldovanoua.ro\/#organization\"},\"image\":{\"@id\":\"https:\/\/primariamoldovanoua.ro\/index.php\/2023\/05\/22\/festivalul-prieteniei-sub-semnul-interculturalitatii\/#primaryimage\"},\"thumbnailUrl\":\"https:\/\/primariamoldovanoua.ro\/wp-content\/uploads\/2023\/05\/22.jpg\",\"articleSection\":[\"Evenimente\"],\"inLanguage\":\"en-US\"},{\"@type\":\"WebPage\",\"@id\":\"https:\/\/primariamoldovanoua.ro\/index.php\/2023\/05\/22\/festivalul-prieteniei-sub-semnul-interculturalitatii\/\",\"url\":\"https:\/\/primariamoldovanoua.ro\/index.php\/2023\/05\/22\/festivalul-prieteniei-sub-semnul-interculturalitatii\/\",\"name\":\"\\\"Festivalul prieteniei\\\", sub semnul interculturalit\u0103\u021bii - Prim\u0103riaMoldovaNou\u0103.ro\",\"isPartOf\":{\"@id\":\"https:\/\/primariamoldovanoua.ro\/#website\"},\"primaryImageOfPage\":{\"@id\":\"https:\/\/primariamoldovanoua.ro\/index.php\/2023\/05\/22\/festivalul-prieteniei-sub-semnul-interculturalitatii\/#primaryimage\"},\"image\":{\"@id\":\"https:\/\/primariamoldovanoua.ro\/index.php\/2023\/05\/22\/festivalul-prieteniei-sub-semnul-interculturalitatii\/#primaryimage\"},\"thumbnailUrl\":\"https:\/\/primariamoldovanoua.ro\/wp-content\/uploads\/2023\/05\/22.jpg\",\"datePublished\":\"2023-05-22T15:32:21+00:00\",\"dateModified\":\"2023-05-22T20:08:17+00:00\",\"breadcrumb\":{\"@id\":\"https:\/\/primariamoldovanoua.ro\/index.php\/2023\/05\/22\/festivalul-prieteniei-sub-semnul-interculturalitatii\/#breadcrumb\"},\"inLanguage\":\"en-US\",\"potentialAction\":[{\"@type\":\"ReadAction\",\"target\":[\"https:\/\/primariamoldovanoua.ro\/index.php\/2023\/05\/22\/festivalul-prieteniei-sub-semnul-interculturalitatii\/\"]}]},{\"@type\":\"ImageObject\",\"inLanguage\":\"en-US\",\"@id\":\"https:\/\/primariamoldovanoua.ro\/index.php\/2023\/05\/22\/festivalul-prieteniei-sub-semnul-interculturalitatii\/#primaryimage\",\"url\":\"https:\/\/primariamoldovanoua.ro\/wp-content\/uploads\/2023\/05\/22.jpg\",\"contentUrl\":\"https:\/\/primariamoldovanoua.ro\/wp-content\/uploads\/2023\/05\/22.jpg\",\"width\":1824,\"height\":1368},{\"@type\":\"BreadcrumbList\",\"@id\":\"https:\/\/primariamoldovanoua.ro\/index.php\/2023\/05\/22\/festivalul-prieteniei-sub-semnul-interculturalitatii\/#breadcrumb\",\"itemListElement\":[{\"@type\":\"ListItem\",\"position\":1,\"name\":\"Home\",\"item\":\"https:\/\/primariamoldovanoua.ro\/\"},{\"@type\":\"ListItem\",\"position\":2,\"name\":\"&#8220;Festivalul prieteniei&#8221;, sub semnul interculturalit\u0103\u021bii\"}]},{\"@type\":\"WebSite\",\"@id\":\"https:\/\/primariamoldovanoua.ro\/#website\",\"url\":\"https:\/\/primariamoldovanoua.ro\/\",\"name\":\"Prim\u0103riaMoldovaNou\u0103.ro\",\"description\":\"Site-ul oficial al UAT Moldova Nou\u0103, jude\u0163ul Cara\u015f-Severin\",\"publisher\":{\"@id\":\"https:\/\/primariamoldovanoua.ro\/#organization\"},\"potentialAction\":[{\"@type\":\"SearchAction\",\"target\":{\"@type\":\"EntryPoint\",\"urlTemplate\":\"https:\/\/primariamoldovanoua.ro\/?s={search_term_string}\"},\"query-input\":{\"@type\":\"PropertyValueSpecification\",\"valueRequired\":true,\"valueName\":\"search_term_string\"}}],\"inLanguage\":\"en-US\"},{\"@type\":\"Organization\",\"@id\":\"https:\/\/primariamoldovanoua.ro\/#organization\",\"name\":\"Prim\u0103riaMoldovaNou\u0103.ro\",\"url\":\"https:\/\/primariamoldovanoua.ro\/\",\"logo\":{\"@type\":\"ImageObject\",\"inLanguage\":\"en-US\",\"@id\":\"https:\/\/primariamoldovanoua.ro\/#\/schema\/logo\/image\/\",\"url\":\"https:\/\/primariamoldovanoua.ro\/wp-content\/uploads\/2021\/04\/cropped-Logo-Moldova-Noua-M-1.png\",\"contentUrl\":\"https:\/\/primariamoldovanoua.ro\/wp-content\/uploads\/2021\/04\/cropped-Logo-Moldova-Noua-M-1.png\",\"width\":158,\"height\":250,\"caption\":\"Prim\u0103riaMoldovaNou\u0103.ro\"},\"image\":{\"@id\":\"https:\/\/primariamoldovanoua.ro\/#\/schema\/logo\/image\/\"}},{\"@type\":\"Person\",\"@id\":\"https:\/\/primariamoldovanoua.ro\/#\/schema\/person\/2fb55b416c7bf986947c6b4b227d49aa\",\"name\":\"Prim\u0103ria Moldova Nou\u0103\",\"image\":{\"@type\":\"ImageObject\",\"inLanguage\":\"en-US\",\"@id\":\"https:\/\/primariamoldovanoua.ro\/#\/schema\/person\/image\/\",\"url\":\"https:\/\/secure.gravatar.com\/avatar\/b653bdd202f9fe88f5bd239d106a4eae4f6f75e6bf8d7fc0fc1042c8e25b444f?s=96&d=mm&r=g\",\"contentUrl\":\"https:\/\/secure.gravatar.com\/avatar\/b653bdd202f9fe88f5bd239d106a4eae4f6f75e6bf8d7fc0fc1042c8e25b444f?s=96&d=mm&r=g\",\"caption\":\"Prim\u0103ria Moldova Nou\u0103\"},\"url\":\"https:\/\/primariamoldovanoua.ro\/index.php\/author\/alin\/\"}]}<\/script>\n<!-- \/ Yoast SEO plugin. -->","yoast_head_json":{"title":"\"Festivalul prieteniei\", sub semnul interculturalit\u0103\u021bii - Prim\u0103riaMoldovaNou\u0103.ro","robots":{"index":"index","follow":"follow","max-snippet":"max-snippet:-1","max-image-preview":"max-image-preview:large","max-video-preview":"max-video-preview:-1"},"canonical":"https:\/\/primariamoldovanoua.ro\/index.php\/2023\/05\/22\/festivalul-prieteniei-sub-semnul-interculturalitatii\/","og_locale":"en_US","og_type":"article","og_title":"\"Festivalul prieteniei\", sub semnul interculturalit\u0103\u021bii - Prim\u0103riaMoldovaNou\u0103.ro","og_description":"Sf\u00e2r\u0219itul s\u0103pt\u0103m\u00e2nii trecute a fost unul deosebit pentru copiii din Clisura Dun\u0103rii, de la Socol p\u00e2n\u0103 la Berzasca, ace\u0219tia av\u00e2nd ocazia s\u0103 demonstreze, la Sala de Sport a ora\u0219ului Moldova Nou\u0103, prin intermediul momentelor preg\u0103tite, c\u00e2t de mult conteaz\u0103 dialogul \u0219i interac\u021biunea \u00eentr-o societate pluralist\u0103, multicultural\u0103. \u00cencuraja\u021bi de edilul-\u0219ef al ora\u0219ului Moldova Nou\u0103, Ion Chis\u0103li\u021b\u0103, [&hellip;]","og_url":"https:\/\/primariamoldovanoua.ro\/index.php\/2023\/05\/22\/festivalul-prieteniei-sub-semnul-interculturalitatii\/","og_site_name":"Prim\u0103riaMoldovaNou\u0103.ro","article_published_time":"2023-05-22T15:32:21+00:00","article_modified_time":"2023-05-22T20:08:17+00:00","og_image":[{"width":1824,"height":1368,"url":"https:\/\/primariamoldovanoua.ro\/wp-content\/uploads\/2023\/05\/22.jpg","type":"image\/jpeg"}],"author":"Prim\u0103ria Moldova Nou\u0103","twitter_card":"summary_large_image","twitter_misc":{"Written by":"Prim\u0103ria Moldova Nou\u0103","Est. reading time":"9 minutes"},"schema":{"@context":"https:\/\/schema.org","@graph":[{"@type":"Article","@id":"https:\/\/primariamoldovanoua.ro\/index.php\/2023\/05\/22\/festivalul-prieteniei-sub-semnul-interculturalitatii\/#article","isPartOf":{"@id":"https:\/\/primariamoldovanoua.ro\/index.php\/2023\/05\/22\/festivalul-prieteniei-sub-semnul-interculturalitatii\/"},"author":{"name":"Prim\u0103ria Moldova Nou\u0103","@id":"https:\/\/primariamoldovanoua.ro\/#\/schema\/person\/2fb55b416c7bf986947c6b4b227d49aa"},"headline":"&#8220;Festivalul prieteniei&#8221;, sub semnul interculturalit\u0103\u021bii","datePublished":"2023-05-22T15:32:21+00:00","dateModified":"2023-05-22T20:08:17+00:00","mainEntityOfPage":{"@id":"https:\/\/primariamoldovanoua.ro\/index.php\/2023\/05\/22\/festivalul-prieteniei-sub-semnul-interculturalitatii\/"},"wordCount":488,"publisher":{"@id":"https:\/\/primariamoldovanoua.ro\/#organization"},"image":{"@id":"https:\/\/primariamoldovanoua.ro\/index.php\/2023\/05\/22\/festivalul-prieteniei-sub-semnul-interculturalitatii\/#primaryimage"},"thumbnailUrl":"https:\/\/primariamoldovanoua.ro\/wp-content\/uploads\/2023\/05\/22.jpg","articleSection":["Evenimente"],"inLanguage":"en-US"},{"@type":"WebPage","@id":"https:\/\/primariamoldovanoua.ro\/index.php\/2023\/05\/22\/festivalul-prieteniei-sub-semnul-interculturalitatii\/","url":"https:\/\/primariamoldovanoua.ro\/index.php\/2023\/05\/22\/festivalul-prieteniei-sub-semnul-interculturalitatii\/","name":"\"Festivalul prieteniei\", sub semnul interculturalit\u0103\u021bii - Prim\u0103riaMoldovaNou\u0103.ro","isPartOf":{"@id":"https:\/\/primariamoldovanoua.ro\/#website"},"primaryImageOfPage":{"@id":"https:\/\/primariamoldovanoua.ro\/index.php\/2023\/05\/22\/festivalul-prieteniei-sub-semnul-interculturalitatii\/#primaryimage"},"image":{"@id":"https:\/\/primariamoldovanoua.ro\/index.php\/2023\/05\/22\/festivalul-prieteniei-sub-semnul-interculturalitatii\/#primaryimage"},"thumbnailUrl":"https:\/\/primariamoldovanoua.ro\/wp-content\/uploads\/2023\/05\/22.jpg","datePublished":"2023-05-22T15:32:21+00:00","dateModified":"2023-05-22T20:08:17+00:00","breadcrumb":{"@id":"https:\/\/primariamoldovanoua.ro\/index.php\/2023\/05\/22\/festivalul-prieteniei-sub-semnul-interculturalitatii\/#breadcrumb"},"inLanguage":"en-US","potentialAction":[{"@type":"ReadAction","target":["https:\/\/primariamoldovanoua.ro\/index.php\/2023\/05\/22\/festivalul-prieteniei-sub-semnul-interculturalitatii\/"]}]},{"@type":"ImageObject","inLanguage":"en-US","@id":"https:\/\/primariamoldovanoua.ro\/index.php\/2023\/05\/22\/festivalul-prieteniei-sub-semnul-interculturalitatii\/#primaryimage","url":"https:\/\/primariamoldovanoua.ro\/wp-content\/uploads\/2023\/05\/22.jpg","contentUrl":"https:\/\/primariamoldovanoua.ro\/wp-content\/uploads\/2023\/05\/22.jpg","width":1824,"height":1368},{"@type":"BreadcrumbList","@id":"https:\/\/primariamoldovanoua.ro\/index.php\/2023\/05\/22\/festivalul-prieteniei-sub-semnul-interculturalitatii\/#breadcrumb","itemListElement":[{"@type":"ListItem","position":1,"name":"Home","item":"https:\/\/primariamoldovanoua.ro\/"},{"@type":"ListItem","position":2,"name":"&#8220;Festivalul prieteniei&#8221;, sub semnul interculturalit\u0103\u021bii"}]},{"@type":"WebSite","@id":"https:\/\/primariamoldovanoua.ro\/#website","url":"https:\/\/primariamoldovanoua.ro\/","name":"Prim\u0103riaMoldovaNou\u0103.ro","description":"Site-ul oficial al UAT Moldova Nou\u0103, jude\u0163ul Cara\u015f-Severin","publisher":{"@id":"https:\/\/primariamoldovanoua.ro\/#organization"},"potentialAction":[{"@type":"SearchAction","target":{"@type":"EntryPoint","urlTemplate":"https:\/\/primariamoldovanoua.ro\/?s={search_term_string}"},"query-input":{"@type":"PropertyValueSpecification","valueRequired":true,"valueName":"search_term_string"}}],"inLanguage":"en-US"},{"@type":"Organization","@id":"https:\/\/primariamoldovanoua.ro\/#organization","name":"Prim\u0103riaMoldovaNou\u0103.ro","url":"https:\/\/primariamoldovanoua.ro\/","logo":{"@type":"ImageObject","inLanguage":"en-US","@id":"https:\/\/primariamoldovanoua.ro\/#\/schema\/logo\/image\/","url":"https:\/\/primariamoldovanoua.ro\/wp-content\/uploads\/2021\/04\/cropped-Logo-Moldova-Noua-M-1.png","contentUrl":"https:\/\/primariamoldovanoua.ro\/wp-content\/uploads\/2021\/04\/cropped-Logo-Moldova-Noua-M-1.png","width":158,"height":250,"caption":"Prim\u0103riaMoldovaNou\u0103.ro"},"image":{"@id":"https:\/\/primariamoldovanoua.ro\/#\/schema\/logo\/image\/"}},{"@type":"Person","@id":"https:\/\/primariamoldovanoua.ro\/#\/schema\/person\/2fb55b416c7bf986947c6b4b227d49aa","name":"Prim\u0103ria Moldova Nou\u0103","image":{"@type":"ImageObject","inLanguage":"en-US","@id":"https:\/\/primariamoldovanoua.ro\/#\/schema\/person\/image\/","url":"https:\/\/secure.gravatar.com\/avatar\/b653bdd202f9fe88f5bd239d106a4eae4f6f75e6bf8d7fc0fc1042c8e25b444f?s=96&d=mm&r=g","contentUrl":"https:\/\/secure.gravatar.com\/avatar\/b653bdd202f9fe88f5bd239d106a4eae4f6f75e6bf8d7fc0fc1042c8e25b444f?s=96&d=mm&r=g","caption":"Prim\u0103ria Moldova Nou\u0103"},"url":"https:\/\/primariamoldovanoua.ro\/index.php\/author\/alin\/"}]}},"_links":{"self":[{"href":"https:\/\/primariamoldovanoua.ro\/index.php\/wp-json\/wp\/v2\/posts\/9027","targetHints":{"allow":["GET"]}}],"collection":[{"href":"https:\/\/primariamoldovanoua.ro\/index.php\/wp-json\/wp\/v2\/posts"}],"about":[{"href":"https:\/\/primariamoldovanoua.ro\/index.php\/wp-json\/wp\/v2\/types\/post"}],"author":[{"embeddable":true,"href":"https:\/\/primariamoldovanoua.ro\/index.php\/wp-json\/wp\/v2\/users\/3"}],"replies":[{"embeddable":true,"href":"https:\/\/primariamoldovanoua.ro\/index.php\/wp-json\/wp\/v2\/comments?post=9027"}],"version-history":[{"count":4,"href":"https:\/\/primariamoldovanoua.ro\/index.php\/wp-json\/wp\/v2\/posts\/9027\/revisions"}],"predecessor-version":[{"id":9069,"href":"https:\/\/primariamoldovanoua.ro\/index.php\/wp-json\/wp\/v2\/posts\/9027\/revisions\/9069"}],"wp:featuredmedia":[{"embeddable":true,"href":"https:\/\/primariamoldovanoua.ro\/index.php\/wp-json\/wp\/v2\/media\/9062"}],"wp:attachment":[{"href":"https:\/\/primariamoldovanoua.ro\/index.php\/wp-json\/wp\/v2\/media?parent=9027"}],"wp:term":[{"taxonomy":"category","embeddable":true,"href":"https:\/\/primariamoldovanoua.ro\/index.php\/wp-json\/wp\/v2\/categories?post=9027"},{"taxonomy":"post_tag","embeddable":true,"href":"https:\/\/primariamoldovanoua.ro\/index.php\/wp-json\/wp\/v2\/tags?post=9027"}],"curies":[{"name":"wp","href":"https:\/\/api.w.org\/{rel}","templated":true}]}}