{"id":9071,"date":"2023-05-24T11:23:22","date_gmt":"2023-05-24T09:23:22","guid":{"rendered":"https:\/\/primariamoldovanoua.ro\/?p=9071"},"modified":"2023-05-24T11:23:23","modified_gmt":"2023-05-24T09:23:23","slug":"moldova-noua-se-pregateste-sa-si-comemoreze-eroii","status":"publish","type":"post","link":"https:\/\/primariamoldovanoua.ro\/index.php\/2023\/05\/24\/moldova-noua-se-pregateste-sa-si-comemoreze-eroii\/","title":{"rendered":"Moldova Nou\u0103 se preg\u0103te\u0219te s\u0103-\u0219i comemoreze eroii"},"content":{"rendered":"\n<p>Ziua Eroilor este un prilej de a comemora jertfa solda\u021bilor c\u0103zu\u021bi pe c\u00e2mpurile de lupt\u0103 pentru ca Rom\u00e2nia, ast\u0103zi, s\u0103 fie un stat suveran, unitar \u0219i independent.<\/p>\n\n\n\n<p>Nu \u00eent\u00e2mpl\u0103tor, omagierea eroilor neamului a fost stabilit\u0103 \u00een data de 25 Mai &#8211; Ziua \u00cen\u0103l\u021b\u0103rii Domnului, zi de mare \u00eensemn\u0103tate pentru cre\u0219tinii ortodoc\u0219i, ocazie pentru ca \u00een toat\u0103 \u0163ara s\u0103 se desf\u0103\u0219oare ceremonii militare \u0219i religioase la troi\u021be, cimitire \u0219i monumente dedicate cinstirii eroilor neamului.<\/p>\n\n\n\n<p>Momentul comemorativ va fi marcat \u0219i \u00een ora\u0219ul Moldova Nou\u0103, la Cimitirul Eroilor, \u00eencep\u00e2nd cu ora 11.30. Ac\u021biunile care vor avea loc se vor succeda dup\u0103 cum urmeaz\u0103:<\/p>\n\n\n\n<ul class=\"wp-block-list\">\n<li>slujba de Te Deum, s\u0103v\u00e2r\u0219it\u0103 de un sobor de preo\u021bi ai Bisericii Ortodoxe Rom\u00e2ne;<\/li>\n\n\n\n<li>discursul doamnei Boboescu Andreea &#8211; profesor de istorie \u00een cadrul Liceului Tehnologic ,,Clisura Dun\u0103rii&#8221; Moldova Nou\u0103;<\/li>\n\n\n\n<li>discursul primarului ora\u0219ului Moldova Nou\u0103 &#8211; Ion Chis\u0103li\u021b\u0103;<\/li>\n\n\n\n<li>depunerea de coroane \u0219i jerbe.<\/li>\n<\/ul>\n\n\n\n<p>&#8220;Cu prilejul Zilei Eroilor \u015fi a \u00cen\u0103l\u0163\u0103rii la Ceruri a Fiului lui Dumnezeu, Iisus Hristos, invit\u0103m cet\u0103\u021benii ora\u0219ului Moldova Nou\u0103 pentru ca \u00eempreun\u0103 s\u0103-i omagiem a\u0219a cum se cuvine pe str\u0103bunii no\u0219tri care au f\u0103urit poporul rom\u00e2n \u0219i care au ap\u0103rat cu pre\u021bul vie\u021bii lor fruntariile \u021b\u0103rii&#8221;, e invita\u0163ia pe care le-o adreseaz\u0103 tuturor locuitorilor ora\u015fului, primarul Ion Chis\u0103li\u0163\u0103.<\/p>\n\n\n\n<p><\/p>\n","protected":false},"excerpt":{"rendered":"<p>Ziua Eroilor este un prilej de a comemora jertfa solda\u021bilor c\u0103zu\u021bi pe c\u00e2mpurile de lupt\u0103 pentru ca Rom\u00e2nia, ast\u0103zi, s\u0103 fie un stat suveran, unitar \u0219i independent. Nu \u00eent\u00e2mpl\u0103tor, omagierea eroilor neamului a fost stabilit\u0103 \u00een data de 25 Mai &#8211; Ziua \u00cen\u0103l\u021b\u0103rii Domnului, zi de mare \u00eensemn\u0103tate pentru cre\u0219tinii ortodoc\u0219i, ocazie pentru ca \u00een [&hellip;]<\/p>\n","protected":false},"author":3,"featured_media":7660,"comment_status":"closed","ping_status":"closed","sticky":false,"template":"","format":"standard","meta":{"site-sidebar-layout":"default","site-content-layout":"","ast-site-content-layout":"","site-content-style":"default","site-sidebar-style":"default","ast-global-header-display":"","ast-banner-title-visibility":"","ast-main-header-display":"","ast-hfb-above-header-display":"","ast-hfb-below-header-display":"","ast-hfb-mobile-header-display":"","site-post-title":"","ast-breadcrumbs-content":"","ast-featured-img":"","footer-sml-layout":"","theme-transparent-header-meta":"","adv-header-id-meta":"","stick-header-meta":"","header-above-stick-meta":"","header-main-stick-meta":"","header-below-stick-meta":"","astra-migrate-meta-layouts":"default","ast-page-background-enabled":"default","ast-page-background-meta":{"desktop":{"background-color":"","background-image":"","background-repeat":"repeat","background-position":"center center","background-size":"auto","background-attachment":"scroll","background-type":"","background-media":"","overlay-type":"","overlay-color":"","overlay-gradient":""},"tablet":{"background-color":"","background-image":"","background-repeat":"repeat","background-position":"center center","background-size":"auto","background-attachment":"scroll","background-type":"","background-media":"","overlay-type":"","overlay-color":"","overlay-gradient":""},"mobile":{"background-color":"","background-image":"","background-repeat":"repeat","background-position":"center center","background-size":"auto","background-attachment":"scroll","background-type":"","background-media":"","overlay-type":"","overlay-color":"","overlay-gradient":""}},"ast-content-background-meta":{"desktop":{"background-color":"var(--ast-global-color-5)","background-image":"","background-repeat":"repeat","background-position":"center center","background-size":"auto","background-attachment":"scroll","background-type":"","background-media":"","overlay-type":"","overlay-color":"","overlay-gradient":""},"tablet":{"background-color":"var(--ast-global-color-5)","background-image":"","background-repeat":"repeat","background-position":"center center","background-size":"auto","background-attachment":"scroll","background-type":"","background-media":"","overlay-type":"","overlay-color":"","overlay-gradient":""},"mobile":{"background-color":"var(--ast-global-color-5)","background-image":"","background-repeat":"repeat","background-position":"center center","background-size":"auto","background-attachment":"scroll","background-type":"","background-media":"","overlay-type":"","overlay-color":"","overlay-gradient":""}},"footnotes":""},"categories":[38],"tags":[],"class_list":["post-9071","post","type-post","status-publish","format-standard","has-post-thumbnail","hentry","category-stiri"],"yoast_head":"<!-- This site is optimized with the Yoast SEO plugin v27.0 - https:\/\/yoast.com\/product\/yoast-seo-wordpress\/ -->\n<title>Moldova Nou\u0103 se preg\u0103te\u0219te s\u0103-\u0219i comemoreze eroii - Prim\u0103riaMoldovaNou\u0103.ro<\/title>\n<meta name=\"robots\" content=\"index, follow, max-snippet:-1, max-image-preview:large, max-video-preview:-1\" \/>\n<link rel=\"canonical\" href=\"https:\/\/primariamoldovanoua.ro\/index.php\/2023\/05\/24\/moldova-noua-se-pregateste-sa-si-comemoreze-eroii\/\" \/>\n<meta property=\"og:locale\" content=\"en_US\" \/>\n<meta property=\"og:type\" content=\"article\" \/>\n<meta property=\"og:title\" content=\"Moldova Nou\u0103 se preg\u0103te\u0219te s\u0103-\u0219i comemoreze eroii - Prim\u0103riaMoldovaNou\u0103.ro\" \/>\n<meta property=\"og:description\" content=\"Ziua Eroilor este un prilej de a comemora jertfa solda\u021bilor c\u0103zu\u021bi pe c\u00e2mpurile de lupt\u0103 pentru ca Rom\u00e2nia, ast\u0103zi, s\u0103 fie un stat suveran, unitar \u0219i independent. Nu \u00eent\u00e2mpl\u0103tor, omagierea eroilor neamului a fost stabilit\u0103 \u00een data de 25 Mai &#8211; Ziua \u00cen\u0103l\u021b\u0103rii Domnului, zi de mare \u00eensemn\u0103tate pentru cre\u0219tinii ortodoc\u0219i, ocazie pentru ca \u00een [&hellip;]\" \/>\n<meta property=\"og:url\" content=\"https:\/\/primariamoldovanoua.ro\/index.php\/2023\/05\/24\/moldova-noua-se-pregateste-sa-si-comemoreze-eroii\/\" \/>\n<meta property=\"og:site_name\" content=\"Prim\u0103riaMoldovaNou\u0103.ro\" \/>\n<meta property=\"article:published_time\" content=\"2023-05-24T09:23:22+00:00\" \/>\n<meta property=\"article:modified_time\" content=\"2023-05-24T09:23:23+00:00\" \/>\n<meta property=\"og:image\" content=\"https:\/\/primariamoldovanoua.ro\/wp-content\/uploads\/2022\/06\/1.jpg\" \/>\n\t<meta property=\"og:image:width\" content=\"1600\" \/>\n\t<meta property=\"og:image:height\" content=\"1200\" \/>\n\t<meta property=\"og:image:type\" content=\"image\/jpeg\" \/>\n<meta name=\"author\" content=\"Prim\u0103ria Moldova Nou\u0103\" \/>\n<meta name=\"twitter:card\" content=\"summary_large_image\" \/>\n<meta name=\"twitter:label1\" content=\"Written by\" \/>\n\t<meta name=\"twitter:data1\" content=\"Prim\u0103ria Moldova Nou\u0103\" \/>\n\t<meta name=\"twitter:label2\" content=\"Est. reading time\" \/>\n\t<meta name=\"twitter:data2\" content=\"1 minute\" \/>\n<script type=\"application\/ld+json\" class=\"yoast-schema-graph\">{\"@context\":\"https:\/\/schema.org\",\"@graph\":[{\"@type\":\"Article\",\"@id\":\"https:\/\/primariamoldovanoua.ro\/index.php\/2023\/05\/24\/moldova-noua-se-pregateste-sa-si-comemoreze-eroii\/#article\",\"isPartOf\":{\"@id\":\"https:\/\/primariamoldovanoua.ro\/index.php\/2023\/05\/24\/moldova-noua-se-pregateste-sa-si-comemoreze-eroii\/\"},\"author\":{\"name\":\"Prim\u0103ria Moldova Nou\u0103\",\"@id\":\"https:\/\/primariamoldovanoua.ro\/#\/schema\/person\/2fb55b416c7bf986947c6b4b227d49aa\"},\"headline\":\"Moldova Nou\u0103 se preg\u0103te\u0219te s\u0103-\u0219i comemoreze eroii\",\"datePublished\":\"2023-05-24T09:23:22+00:00\",\"dateModified\":\"2023-05-24T09:23:23+00:00\",\"mainEntityOfPage\":{\"@id\":\"https:\/\/primariamoldovanoua.ro\/index.php\/2023\/05\/24\/moldova-noua-se-pregateste-sa-si-comemoreze-eroii\/\"},\"wordCount\":255,\"publisher\":{\"@id\":\"https:\/\/primariamoldovanoua.ro\/#organization\"},\"image\":{\"@id\":\"https:\/\/primariamoldovanoua.ro\/index.php\/2023\/05\/24\/moldova-noua-se-pregateste-sa-si-comemoreze-eroii\/#primaryimage\"},\"thumbnailUrl\":\"https:\/\/primariamoldovanoua.ro\/wp-content\/uploads\/2022\/06\/1.jpg\",\"articleSection\":[\"Evenimente\"],\"inLanguage\":\"en-US\"},{\"@type\":\"WebPage\",\"@id\":\"https:\/\/primariamoldovanoua.ro\/index.php\/2023\/05\/24\/moldova-noua-se-pregateste-sa-si-comemoreze-eroii\/\",\"url\":\"https:\/\/primariamoldovanoua.ro\/index.php\/2023\/05\/24\/moldova-noua-se-pregateste-sa-si-comemoreze-eroii\/\",\"name\":\"Moldova Nou\u0103 se preg\u0103te\u0219te s\u0103-\u0219i comemoreze eroii - Prim\u0103riaMoldovaNou\u0103.ro\",\"isPartOf\":{\"@id\":\"https:\/\/primariamoldovanoua.ro\/#website\"},\"primaryImageOfPage\":{\"@id\":\"https:\/\/primariamoldovanoua.ro\/index.php\/2023\/05\/24\/moldova-noua-se-pregateste-sa-si-comemoreze-eroii\/#primaryimage\"},\"image\":{\"@id\":\"https:\/\/primariamoldovanoua.ro\/index.php\/2023\/05\/24\/moldova-noua-se-pregateste-sa-si-comemoreze-eroii\/#primaryimage\"},\"thumbnailUrl\":\"https:\/\/primariamoldovanoua.ro\/wp-content\/uploads\/2022\/06\/1.jpg\",\"datePublished\":\"2023-05-24T09:23:22+00:00\",\"dateModified\":\"2023-05-24T09:23:23+00:00\",\"breadcrumb\":{\"@id\":\"https:\/\/primariamoldovanoua.ro\/index.php\/2023\/05\/24\/moldova-noua-se-pregateste-sa-si-comemoreze-eroii\/#breadcrumb\"},\"inLanguage\":\"en-US\",\"potentialAction\":[{\"@type\":\"ReadAction\",\"target\":[\"https:\/\/primariamoldovanoua.ro\/index.php\/2023\/05\/24\/moldova-noua-se-pregateste-sa-si-comemoreze-eroii\/\"]}]},{\"@type\":\"ImageObject\",\"inLanguage\":\"en-US\",\"@id\":\"https:\/\/primariamoldovanoua.ro\/index.php\/2023\/05\/24\/moldova-noua-se-pregateste-sa-si-comemoreze-eroii\/#primaryimage\",\"url\":\"https:\/\/primariamoldovanoua.ro\/wp-content\/uploads\/2022\/06\/1.jpg\",\"contentUrl\":\"https:\/\/primariamoldovanoua.ro\/wp-content\/uploads\/2022\/06\/1.jpg\",\"width\":1600,\"height\":1200},{\"@type\":\"BreadcrumbList\",\"@id\":\"https:\/\/primariamoldovanoua.ro\/index.php\/2023\/05\/24\/moldova-noua-se-pregateste-sa-si-comemoreze-eroii\/#breadcrumb\",\"itemListElement\":[{\"@type\":\"ListItem\",\"position\":1,\"name\":\"Home\",\"item\":\"https:\/\/primariamoldovanoua.ro\/\"},{\"@type\":\"ListItem\",\"position\":2,\"name\":\"Moldova Nou\u0103 se preg\u0103te\u0219te s\u0103-\u0219i comemoreze eroii\"}]},{\"@type\":\"WebSite\",\"@id\":\"https:\/\/primariamoldovanoua.ro\/#website\",\"url\":\"https:\/\/primariamoldovanoua.ro\/\",\"name\":\"Prim\u0103riaMoldovaNou\u0103.ro\",\"description\":\"Site-ul oficial al UAT Moldova Nou\u0103, jude\u0163ul Cara\u015f-Severin\",\"publisher\":{\"@id\":\"https:\/\/primariamoldovanoua.ro\/#organization\"},\"potentialAction\":[{\"@type\":\"SearchAction\",\"target\":{\"@type\":\"EntryPoint\",\"urlTemplate\":\"https:\/\/primariamoldovanoua.ro\/?s={search_term_string}\"},\"query-input\":{\"@type\":\"PropertyValueSpecification\",\"valueRequired\":true,\"valueName\":\"search_term_string\"}}],\"inLanguage\":\"en-US\"},{\"@type\":\"Organization\",\"@id\":\"https:\/\/primariamoldovanoua.ro\/#organization\",\"name\":\"Prim\u0103riaMoldovaNou\u0103.ro\",\"url\":\"https:\/\/primariamoldovanoua.ro\/\",\"logo\":{\"@type\":\"ImageObject\",\"inLanguage\":\"en-US\",\"@id\":\"https:\/\/primariamoldovanoua.ro\/#\/schema\/logo\/image\/\",\"url\":\"https:\/\/primariamoldovanoua.ro\/wp-content\/uploads\/2021\/04\/cropped-Logo-Moldova-Noua-M-1.png\",\"contentUrl\":\"https:\/\/primariamoldovanoua.ro\/wp-content\/uploads\/2021\/04\/cropped-Logo-Moldova-Noua-M-1.png\",\"width\":158,\"height\":250,\"caption\":\"Prim\u0103riaMoldovaNou\u0103.ro\"},\"image\":{\"@id\":\"https:\/\/primariamoldovanoua.ro\/#\/schema\/logo\/image\/\"}},{\"@type\":\"Person\",\"@id\":\"https:\/\/primariamoldovanoua.ro\/#\/schema\/person\/2fb55b416c7bf986947c6b4b227d49aa\",\"name\":\"Prim\u0103ria Moldova Nou\u0103\",\"image\":{\"@type\":\"ImageObject\",\"inLanguage\":\"en-US\",\"@id\":\"https:\/\/primariamoldovanoua.ro\/#\/schema\/person\/image\/\",\"url\":\"https:\/\/secure.gravatar.com\/avatar\/b653bdd202f9fe88f5bd239d106a4eae4f6f75e6bf8d7fc0fc1042c8e25b444f?s=96&d=mm&r=g\",\"contentUrl\":\"https:\/\/secure.gravatar.com\/avatar\/b653bdd202f9fe88f5bd239d106a4eae4f6f75e6bf8d7fc0fc1042c8e25b444f?s=96&d=mm&r=g\",\"caption\":\"Prim\u0103ria Moldova Nou\u0103\"},\"url\":\"https:\/\/primariamoldovanoua.ro\/index.php\/author\/alin\/\"}]}<\/script>\n<!-- \/ Yoast SEO plugin. -->","yoast_head_json":{"title":"Moldova Nou\u0103 se preg\u0103te\u0219te s\u0103-\u0219i comemoreze eroii - Prim\u0103riaMoldovaNou\u0103.ro","robots":{"index":"index","follow":"follow","max-snippet":"max-snippet:-1","max-image-preview":"max-image-preview:large","max-video-preview":"max-video-preview:-1"},"canonical":"https:\/\/primariamoldovanoua.ro\/index.php\/2023\/05\/24\/moldova-noua-se-pregateste-sa-si-comemoreze-eroii\/","og_locale":"en_US","og_type":"article","og_title":"Moldova Nou\u0103 se preg\u0103te\u0219te s\u0103-\u0219i comemoreze eroii - Prim\u0103riaMoldovaNou\u0103.ro","og_description":"Ziua Eroilor este un prilej de a comemora jertfa solda\u021bilor c\u0103zu\u021bi pe c\u00e2mpurile de lupt\u0103 pentru ca Rom\u00e2nia, ast\u0103zi, s\u0103 fie un stat suveran, unitar \u0219i independent. Nu \u00eent\u00e2mpl\u0103tor, omagierea eroilor neamului a fost stabilit\u0103 \u00een data de 25 Mai &#8211; Ziua \u00cen\u0103l\u021b\u0103rii Domnului, zi de mare \u00eensemn\u0103tate pentru cre\u0219tinii ortodoc\u0219i, ocazie pentru ca \u00een [&hellip;]","og_url":"https:\/\/primariamoldovanoua.ro\/index.php\/2023\/05\/24\/moldova-noua-se-pregateste-sa-si-comemoreze-eroii\/","og_site_name":"Prim\u0103riaMoldovaNou\u0103.ro","article_published_time":"2023-05-24T09:23:22+00:00","article_modified_time":"2023-05-24T09:23:23+00:00","og_image":[{"width":1600,"height":1200,"url":"https:\/\/primariamoldovanoua.ro\/wp-content\/uploads\/2022\/06\/1.jpg","type":"image\/jpeg"}],"author":"Prim\u0103ria Moldova Nou\u0103","twitter_card":"summary_large_image","twitter_misc":{"Written by":"Prim\u0103ria Moldova Nou\u0103","Est. reading time":"1 minute"},"schema":{"@context":"https:\/\/schema.org","@graph":[{"@type":"Article","@id":"https:\/\/primariamoldovanoua.ro\/index.php\/2023\/05\/24\/moldova-noua-se-pregateste-sa-si-comemoreze-eroii\/#article","isPartOf":{"@id":"https:\/\/primariamoldovanoua.ro\/index.php\/2023\/05\/24\/moldova-noua-se-pregateste-sa-si-comemoreze-eroii\/"},"author":{"name":"Prim\u0103ria Moldova Nou\u0103","@id":"https:\/\/primariamoldovanoua.ro\/#\/schema\/person\/2fb55b416c7bf986947c6b4b227d49aa"},"headline":"Moldova Nou\u0103 se preg\u0103te\u0219te s\u0103-\u0219i comemoreze eroii","datePublished":"2023-05-24T09:23:22+00:00","dateModified":"2023-05-24T09:23:23+00:00","mainEntityOfPage":{"@id":"https:\/\/primariamoldovanoua.ro\/index.php\/2023\/05\/24\/moldova-noua-se-pregateste-sa-si-comemoreze-eroii\/"},"wordCount":255,"publisher":{"@id":"https:\/\/primariamoldovanoua.ro\/#organization"},"image":{"@id":"https:\/\/primariamoldovanoua.ro\/index.php\/2023\/05\/24\/moldova-noua-se-pregateste-sa-si-comemoreze-eroii\/#primaryimage"},"thumbnailUrl":"https:\/\/primariamoldovanoua.ro\/wp-content\/uploads\/2022\/06\/1.jpg","articleSection":["Evenimente"],"inLanguage":"en-US"},{"@type":"WebPage","@id":"https:\/\/primariamoldovanoua.ro\/index.php\/2023\/05\/24\/moldova-noua-se-pregateste-sa-si-comemoreze-eroii\/","url":"https:\/\/primariamoldovanoua.ro\/index.php\/2023\/05\/24\/moldova-noua-se-pregateste-sa-si-comemoreze-eroii\/","name":"Moldova Nou\u0103 se preg\u0103te\u0219te s\u0103-\u0219i comemoreze eroii - Prim\u0103riaMoldovaNou\u0103.ro","isPartOf":{"@id":"https:\/\/primariamoldovanoua.ro\/#website"},"primaryImageOfPage":{"@id":"https:\/\/primariamoldovanoua.ro\/index.php\/2023\/05\/24\/moldova-noua-se-pregateste-sa-si-comemoreze-eroii\/#primaryimage"},"image":{"@id":"https:\/\/primariamoldovanoua.ro\/index.php\/2023\/05\/24\/moldova-noua-se-pregateste-sa-si-comemoreze-eroii\/#primaryimage"},"thumbnailUrl":"https:\/\/primariamoldovanoua.ro\/wp-content\/uploads\/2022\/06\/1.jpg","datePublished":"2023-05-24T09:23:22+00:00","dateModified":"2023-05-24T09:23:23+00:00","breadcrumb":{"@id":"https:\/\/primariamoldovanoua.ro\/index.php\/2023\/05\/24\/moldova-noua-se-pregateste-sa-si-comemoreze-eroii\/#breadcrumb"},"inLanguage":"en-US","potentialAction":[{"@type":"ReadAction","target":["https:\/\/primariamoldovanoua.ro\/index.php\/2023\/05\/24\/moldova-noua-se-pregateste-sa-si-comemoreze-eroii\/"]}]},{"@type":"ImageObject","inLanguage":"en-US","@id":"https:\/\/primariamoldovanoua.ro\/index.php\/2023\/05\/24\/moldova-noua-se-pregateste-sa-si-comemoreze-eroii\/#primaryimage","url":"https:\/\/primariamoldovanoua.ro\/wp-content\/uploads\/2022\/06\/1.jpg","contentUrl":"https:\/\/primariamoldovanoua.ro\/wp-content\/uploads\/2022\/06\/1.jpg","width":1600,"height":1200},{"@type":"BreadcrumbList","@id":"https:\/\/primariamoldovanoua.ro\/index.php\/2023\/05\/24\/moldova-noua-se-pregateste-sa-si-comemoreze-eroii\/#breadcrumb","itemListElement":[{"@type":"ListItem","position":1,"name":"Home","item":"https:\/\/primariamoldovanoua.ro\/"},{"@type":"ListItem","position":2,"name":"Moldova Nou\u0103 se preg\u0103te\u0219te s\u0103-\u0219i comemoreze eroii"}]},{"@type":"WebSite","@id":"https:\/\/primariamoldovanoua.ro\/#website","url":"https:\/\/primariamoldovanoua.ro\/","name":"Prim\u0103riaMoldovaNou\u0103.ro","description":"Site-ul oficial al UAT Moldova Nou\u0103, jude\u0163ul Cara\u015f-Severin","publisher":{"@id":"https:\/\/primariamoldovanoua.ro\/#organization"},"potentialAction":[{"@type":"SearchAction","target":{"@type":"EntryPoint","urlTemplate":"https:\/\/primariamoldovanoua.ro\/?s={search_term_string}"},"query-input":{"@type":"PropertyValueSpecification","valueRequired":true,"valueName":"search_term_string"}}],"inLanguage":"en-US"},{"@type":"Organization","@id":"https:\/\/primariamoldovanoua.ro\/#organization","name":"Prim\u0103riaMoldovaNou\u0103.ro","url":"https:\/\/primariamoldovanoua.ro\/","logo":{"@type":"ImageObject","inLanguage":"en-US","@id":"https:\/\/primariamoldovanoua.ro\/#\/schema\/logo\/image\/","url":"https:\/\/primariamoldovanoua.ro\/wp-content\/uploads\/2021\/04\/cropped-Logo-Moldova-Noua-M-1.png","contentUrl":"https:\/\/primariamoldovanoua.ro\/wp-content\/uploads\/2021\/04\/cropped-Logo-Moldova-Noua-M-1.png","width":158,"height":250,"caption":"Prim\u0103riaMoldovaNou\u0103.ro"},"image":{"@id":"https:\/\/primariamoldovanoua.ro\/#\/schema\/logo\/image\/"}},{"@type":"Person","@id":"https:\/\/primariamoldovanoua.ro\/#\/schema\/person\/2fb55b416c7bf986947c6b4b227d49aa","name":"Prim\u0103ria Moldova Nou\u0103","image":{"@type":"ImageObject","inLanguage":"en-US","@id":"https:\/\/primariamoldovanoua.ro\/#\/schema\/person\/image\/","url":"https:\/\/secure.gravatar.com\/avatar\/b653bdd202f9fe88f5bd239d106a4eae4f6f75e6bf8d7fc0fc1042c8e25b444f?s=96&d=mm&r=g","contentUrl":"https:\/\/secure.gravatar.com\/avatar\/b653bdd202f9fe88f5bd239d106a4eae4f6f75e6bf8d7fc0fc1042c8e25b444f?s=96&d=mm&r=g","caption":"Prim\u0103ria Moldova Nou\u0103"},"url":"https:\/\/primariamoldovanoua.ro\/index.php\/author\/alin\/"}]}},"_links":{"self":[{"href":"https:\/\/primariamoldovanoua.ro\/index.php\/wp-json\/wp\/v2\/posts\/9071","targetHints":{"allow":["GET"]}}],"collection":[{"href":"https:\/\/primariamoldovanoua.ro\/index.php\/wp-json\/wp\/v2\/posts"}],"about":[{"href":"https:\/\/primariamoldovanoua.ro\/index.php\/wp-json\/wp\/v2\/types\/post"}],"author":[{"embeddable":true,"href":"https:\/\/primariamoldovanoua.ro\/index.php\/wp-json\/wp\/v2\/users\/3"}],"replies":[{"embeddable":true,"href":"https:\/\/primariamoldovanoua.ro\/index.php\/wp-json\/wp\/v2\/comments?post=9071"}],"version-history":[{"count":1,"href":"https:\/\/primariamoldovanoua.ro\/index.php\/wp-json\/wp\/v2\/posts\/9071\/revisions"}],"predecessor-version":[{"id":9072,"href":"https:\/\/primariamoldovanoua.ro\/index.php\/wp-json\/wp\/v2\/posts\/9071\/revisions\/9072"}],"wp:featuredmedia":[{"embeddable":true,"href":"https:\/\/primariamoldovanoua.ro\/index.php\/wp-json\/wp\/v2\/media\/7660"}],"wp:attachment":[{"href":"https:\/\/primariamoldovanoua.ro\/index.php\/wp-json\/wp\/v2\/media?parent=9071"}],"wp:term":[{"taxonomy":"category","embeddable":true,"href":"https:\/\/primariamoldovanoua.ro\/index.php\/wp-json\/wp\/v2\/categories?post=9071"},{"taxonomy":"post_tag","embeddable":true,"href":"https:\/\/primariamoldovanoua.ro\/index.php\/wp-json\/wp\/v2\/tags?post=9071"}],"curies":[{"name":"wp","href":"https:\/\/api.w.org\/{rel}","templated":true}]}}